{"id":5209,"date":"2026-08-25T08:48:59","date_gmt":"2026-08-25T07:48:59","guid":{"rendered":"https:\/\/nublo.tv\/?p=5209"},"modified":"2026-08-25T08:48:59","modified_gmt":"2026-08-25T07:48:59","slug":"telde-mueve-ficha-por-la-solidaridad-con-el-i-torneo-mate-al-inicio-de-curso","status":"publish","type":"post","link":"https:\/\/nublo.tv\/index.php\/2026\/08\/25\/telde-mueve-ficha-por-la-solidaridad-con-el-i-torneo-mate-al-inicio-de-curso\/","title":{"rendered":"Telde mueve ficha por la solidaridad con el I Torneo \u2018Mate al inicio de curso\u2019"},"content":{"rendered":"<p>&nbsp;<\/p>\n<p align=\"justify\"><strong>Telde, 24 de agosto de 2026.-<\/strong> Telde mover\u00e1 ficha por una buena causa el pr\u00f3ximo martes 8 de septiembre con la celebraci\u00f3n del I Torneo Solidario de Ajedrez \u2018Mate al inicio de curso\u2019, una iniciativa que une deporte, educaci\u00f3n y solidaridad y que se incorpora este a\u00f1o a la programaci\u00f3n de \u2018S\u00fabete a la Ola de la Vida\u2019 impulsada por el Ayuntamiento de Telde.<\/p>\n<p align=\"justify\">La cita comenzar\u00e1 a las 10.00 horas en la plaza de Gran Canaria, en el barrio de Casas Nuevas-Valderrama, y est\u00e1 organizada por el Club de Ajedrez Academy Telde, con la colaboraci\u00f3n del Ayuntamiento de Telde y colectivos del entorno.<\/p>\n<p align=\"justify\">El torneo nace con una particularidad: para participar no ser\u00e1 necesario abonar una cuota econ\u00f3mica. La inscripci\u00f3n consiste en aportar material escolar nuevo y en su envoltorio original, que posteriormente ser\u00e1 destinado a proyectos educativos y sociales de Gran Canaria.<\/p>\n<p align=\"justify\">De esta manera, cada participante contribuir\u00e1 directamente con una acci\u00f3n solidaria coincidiendo con las fechas pr\u00f3ximas al inicio del nuevo curso escolar, convirtiendo cada partida en una oportunidad para ayudar a otras familias y menores.<\/p>\n<p><strong>Ajedrez para todas las edades<\/strong><\/p>\n<p align=\"justify\">El torneo est\u00e1 abierto a jugadores de todas las edades, independientemente de su nivel, con la intenci\u00f3n de reunir en un mismo espacio a aficionados, jugadores habituales, ni\u00f1os, j\u00f3venes y adultos.<\/p>\n<p align=\"justify\">La competici\u00f3n se disputar\u00e1 en modalidad blitz, con partidas a cinco minutos, siguiendo las normas vigentes de la Federaci\u00f3n Internacional de Ajedrez (FIDE). El n\u00famero de rondas se determinar\u00e1 en funci\u00f3n de las personas finalmente inscritas.<\/p>\n<p align=\"justify\">Los participantes deber\u00e1n presentarse en la zona de juego media hora antes del comienzo, con el objetivo de confirmar su asistencia y hacer entrega del material escolar correspondiente a la inscripci\u00f3n. La organizaci\u00f3n entregar\u00e1 trofeos a los tres primeros clasificados y medallas al resto de participantes infantiles, adem\u00e1s de otras sorpresas previstas durante la jornada.<\/p>\n<p><strong>El deporte tambi\u00e9n suma en \u2018S\u00fabete a la Ola de la Vida\u2019<\/strong><\/p>\n<p align=\"justify\">La incorporaci\u00f3n de este torneo ampl\u00eda la diversidad de propuestas de \u2018S\u00fabete a la Ola de la Vida 2026\u2019, una programaci\u00f3n que durante estas semanas recorre playas, plazas y barrios de Telde con cine de verano, conciertos, actividades infantiles, espect\u00e1culos familiares y propuestas deportivas y solidarias.<\/p>\n<p align=\"justify\">Con \u2018Mate al inicio de curso\u2019, la iniciativa municipal llega tambi\u00e9n a Casas Nuevas-Valderrama, reforzando uno de los objetivos de esta edici\u00f3n: extender las actividades m\u00e1s all\u00e1 de la primera l\u00ednea de costa y generar puntos de encuentro en distintos barrios del municipio.<\/p>\n<p align=\"justify\">El ajedrez aporta adem\u00e1s un componente educativo a la programaci\u00f3n, fomentando valores como la concentraci\u00f3n, la estrategia, el respeto, la convivencia y la toma de decisiones, a los que en esta ocasi\u00f3n se suma un marcado car\u00e1cter solidario.<\/p>\n<p><strong>Inscripciones abiertas<\/strong><\/p>\n<p align=\"justify\">Las personas interesadas pueden realizar ya su inscripci\u00f3n a trav\u00e9s del formulario online habilitado por la organizaci\u00f3n:<\/p>\n<p align=\"justify\">Inscribirse en el I Torneo Solidario \u2018Mate al inicio de curso\u2019 <a href=\"https:\/\/docs.google.com\/forms\/d\/e\/1FAIpQLSenN1XM8hjjiuG_LCNWvTRA-o5sgPC1_srAbFpHxyiFUgYhBg\/viewform?usp=publish-editor\">https:\/\/docs.google.com\/forms\/d\/e\/1FAIpQLSenN1XM8hjjiuG_LCNWvTRA-o5sgPC1_srAbFpHxyiFUgYhBg\/viewform?usp=publish-editor<\/a><br \/>\nPara ampliar informaci\u00f3n, la organizaci\u00f3n ha habilitado tambi\u00e9n los tel\u00e9fonos <strong>610 947 816 y 606 196 696.<\/strong><\/p>\n<p align=\"justify\">El I Torneo Solidario \u2018Mate al inicio de curso\u2019 cuenta adem\u00e1s con la colaboraci\u00f3n de Ideas Deportivas Canarias, las Fiestas de San Venancio 2026 y la Asociaci\u00f3n de Vecinos de Valdecasas, que este a\u00f1o conmemora su 50 aniversario.<\/p>\n<p align=\"justify\">La jornada resume as\u00ed el lema elegido para esta primera edici\u00f3n: <strong>\u201cCada jugada suma\u201d,<\/strong> demostrando que el deporte y la participaci\u00f3n ciudadana tambi\u00e9n pueden convertirse en herramientas de solidaridad y apoyo a la comunidad.<\/p>\n","protected":false},"excerpt":{"rendered":"<p>https:\/\/www.telde.es\/wp-content\/uploads\/2026\/08\/noticia675.jpgTelde, 24 de agosto de 2026.- Telde mover\u00e1 ficha por una buena causa el pr\u00f3ximo martes 8 de septiembre con la celebraci\u00f3n del I Torneo Solidario de Ajedrez \u2018Mate al&hellip;<\/p>\n","protected":false},"author":1,"featured_media":5210,"comment_status":"open","ping_status":"open","sticky":false,"template":"","format":"standard","meta":{"wpai_generated_summary":"","wpai_meta_description":"","footnotes":""},"categories":[140],"tags":[],"class_list":["post-5209","post","type-post","status-publish","format-standard","has-post-thumbnail","hentry","category-ayuntamiento-de-telde"],"_links":{"self":[{"href":"https:\/\/nublo.tv\/index.php\/wp-json\/wp\/v2\/posts\/5209","targetHints":{"allow":["GET"]}}],"collection":[{"href":"https:\/\/nublo.tv\/index.php\/wp-json\/wp\/v2\/posts"}],"about":[{"href":"https:\/\/nublo.tv\/index.php\/wp-json\/wp\/v2\/types\/post"}],"author":[{"embeddable":true,"href":"https:\/\/nublo.tv\/index.php\/wp-json\/wp\/v2\/users\/1"}],"replies":[{"embeddable":true,"href":"https:\/\/nublo.tv\/index.php\/wp-json\/wp\/v2\/comments?post=5209"}],"version-history":[{"count":1,"href":"https:\/\/nublo.tv\/index.php\/wp-json\/wp\/v2\/posts\/5209\/revisions"}],"predecessor-version":[{"id":5227,"href":"https:\/\/nublo.tv\/index.php\/wp-json\/wp\/v2\/posts\/5209\/revisions\/5227"}],"wp:featuredmedia":[{"embeddable":true,"href":"https:\/\/nublo.tv\/index.php\/wp-json\/wp\/v2\/media\/5210"}],"wp:attachment":[{"href":"https:\/\/nublo.tv\/index.php\/wp-json\/wp\/v2\/media?parent=5209"}],"wp:term":[{"taxonomy":"category","embeddable":true,"href":"https:\/\/nublo.tv\/index.php\/wp-json\/wp\/v2\/categories?post=5209"},{"taxonomy":"post_tag","embeddable":true,"href":"https:\/\/nublo.tv\/index.php\/wp-json\/wp\/v2\/tags?post=5209"}],"curies":[{"name":"wp","href":"https:\/\/api.w.org\/{rel}","templated":true}]}}