{"id":5211,"date":"2026-08-25T08:48:52","date_gmt":"2026-08-25T07:48:52","guid":{"rendered":"https:\/\/nublo.tv\/?p=5211"},"modified":"2026-08-25T08:48:52","modified_gmt":"2026-08-25T07:48:52","slug":"telde-intensifica-la-retirada-de-vehiculos-abandonados-y-advierte-de-sanciones-de-hasta-60-000-euros-por-reincidencia","status":"publish","type":"post","link":"https:\/\/nublo.tv\/index.php\/2026\/08\/25\/telde-intensifica-la-retirada-de-vehiculos-abandonados-y-advierte-de-sanciones-de-hasta-60-000-euros-por-reincidencia\/","title":{"rendered":"Telde intensifica la retirada de veh\u00edculos abandonados y advierte de sanciones de hasta 60.000 euros por reincidencia"},"content":{"rendered":"<p>&nbsp;<\/p>\n<p align=\"justify\"><strong>Telde, 24 de agosto de 2026.-<\/strong> El Ayuntamiento de Telde intensifica la localizaci\u00f3n y retirada de veh\u00edculos abandonados de las v\u00edas p\u00fablicas del municipio con un seguimiento diario de la Polic\u00eda Local por los diferentes barrios de la ciudad, dentro de una actuaci\u00f3n que pretende poner fin progresivamente a una problem\u00e1tica hist\u00f3rica que afecta a cerca de un millar de veh\u00edculos.<\/p>\n<p align=\"justify\">La Concejal\u00eda de Tr\u00e1fico, que dirige Miguel Rodr\u00edguez Marchena, mantiene junto a la Polic\u00eda Local un trabajo permanente de inspecci\u00f3n, identificaci\u00f3n y seguimiento de estos veh\u00edculos. Las actuaciones no se concentran en puntos concretos, sino que se desarrollan cada d\u00eda por los distintos barrios de Telde, atendiendo tambi\u00e9n a avisos ciudadanos y a situaciones detectadas directamente por los agentes.<\/p>\n<p align=\"justify\">Este mismo domingo, la Polic\u00eda Local realiz\u00f3 actuaciones en Las Huesas, Ojos de Garza y El Goro, dentro de este dispositivo municipal que continuar\u00e1 extendi\u00e9ndose por todo el t\u00e9rmino municipal.<\/p>\n<p align=\"justify\">El objetivo es recuperar plazas de estacionamiento, mejorar la imagen y limpieza de los barrios, evitar situaciones de deterioro y garantizar que las calles y espacios p\u00fablicos puedan ser utilizados por el conjunto de la ciudadan\u00eda.<\/p>\n<p><strong>Sanciones de 3.000 euros y hasta 60.001 euros por reincidencia<\/strong><\/p>\n<p align=\"justify\">El Ayuntamiento recuerda que el abandono de veh\u00edculos en la v\u00eda p\u00fablica est\u00e1 expresamente prohibido por la Ordenanza Municipal Reguladora de la Protecci\u00f3n del Medioambiente y de los Espacios P\u00fablicos en relaci\u00f3n con su Limpieza y Gesti\u00f3n de los Residuos.<\/p>\n<p align=\"justify\">La normativa municipal contempla una sanci\u00f3n de 3.000 euros para la primera infracci\u00f3n relacionada con veh\u00edculos abandonados.<\/p>\n<p align=\"justify\">La cuant\u00eda aumenta considerablemente en caso de reiteraci\u00f3n. La ordenanza establece una sanci\u00f3n de 10.001 euros en la primera reincidencia y de 60.001 euros en una segunda reincidencia.<\/p>\n<p align=\"justify\">A estas cantidades pueden sumarse otras sanciones cuando el veh\u00edculo incumpla adem\u00e1s las obligaciones establecidas por la normativa de tr\u00e1fico. Entre ellas se encuentra la obligaci\u00f3n de disponer del correspondiente seguro obligatorio. En el caso de un turismo estacionado en la v\u00eda p\u00fablica sin seguro, la sanci\u00f3n puede alcanzar los 800 euros.<\/p>\n<p><strong>Posibilidad de gestionarlo voluntariamente<\/strong><\/p>\n<p align=\"justify\">El Ayuntamiento quiere combinar la vigilancia y el cumplimiento de la normativa con una v\u00eda que permita a los propietarios solucionar voluntariamente la situaci\u00f3n de aquellos veh\u00edculos que ya no utilizan y de los que desean desprenderse.<\/p>\n<p align=\"justify\">Las personas titulares que quieran renunciar voluntariamente al veh\u00edculo y solicitar al Ayuntamiento que facilite su retirada y gesti\u00f3n como veh\u00edculo al final de su vida \u00fatil pueden comunicarlo a trav\u00e9s del correo electr\u00f3nico <a href=\"mailto:info@telde.es\">info@telde.es<\/a>, indicando sus datos de contacto y la informaci\u00f3n b\u00e1sica del veh\u00edculo.<\/p>\n<p align=\"justify\">Esta posibilidad est\u00e1 especialmente dirigida a aquellos propietarios que ya no desean conservar el autom\u00f3vil y quieren darle una salida definitiva y correcta antes de que se haya iniciado un expediente sancionador.<\/p>\n<p align=\"justify\">Desde el Ayuntamiento se insiste en la importancia de actuar con antelaci\u00f3n. Una vez iniciado el procedimiento sancionador, la posterior retirada del veh\u00edculo no supone autom\u00e1ticamente la desaparici\u00f3n de las responsabilidades administrativas que se hayan podido generar.<\/p>\n<p><strong>Dos convenios con Centros Autorizados de Tratamiento<\/strong><\/p>\n<p align=\"justify\">Para reforzar esta actuaci\u00f3n, el Ayuntamiento de Telde dispone de dos convenios de colaboraci\u00f3n para la gesti\u00f3n de veh\u00edculos abandonados y al final de su vida \u00fatil, permitiendo su traslado a Centros Autorizados de Tratamiento (CAT).<\/p>\n<p align=\"justify\">Estos centros se encargan de realizar el tratamiento correspondiente, incluyendo la descontaminaci\u00f3n, recuperaci\u00f3n y reciclaje de los diferentes componentes y, finalmente, la tramitaci\u00f3n de la baja definitiva del veh\u00edculo ante la Direcci\u00f3n General de Tr\u00e1fico, conforme a la normativa aplicable.<\/p>\n<p align=\"justify\">Este sistema permite dar una salida adecuada a los veh\u00edculos retirados de las calles y avanzar en una actuaci\u00f3n que el Ayuntamiento considera prioritaria por su repercusi\u00f3n directa en los barrios.<\/p>\n<p align=\"justify\">Miguel Rodr\u00edguez Marchena se\u00f1ala que \u201c<strong>el trabajo se est\u00e1 realizando diariamente y llegar\u00e1 a todos los barrios de Telde. No queremos hacer actuaciones aisladas, sino mantener un seguimiento constante hasta poner fin progresivamente a esta situaci\u00f3n\u201d.<\/strong><\/p>\n<p align=\"justify\">El responsable municipal a\u00f1ade que <strong>\u201ccada veh\u00edculo abandonado supone una plaza menos para los vecinos, ocupa durante meses o incluso a\u00f1os un espacio que es de todos y acaba generando problemas de limpieza, seguridad e imagen\u201d.<\/strong><\/p>\n<p align=\"justify\">Marchena destaca tambi\u00e9n la posibilidad de colaboraci\u00f3n voluntaria: <strong>\u201cAntes de llegar a la sanci\u00f3n queremos ofrecer una v\u00eda a aquellas personas que tengan un veh\u00edculo que ya no utilizan y quieran desprenderse correctamente de \u00e9l. Lo importante es que act\u00faen y no lo abandonen en la calle\u201d.<\/strong><\/p>\n<p align=\"justify\">El Ayuntamiento y la Polic\u00eda Local mantendr\u00e1n este seguimiento diario en todos los barrios de Telde, combinando la detecci\u00f3n realizada por los propios agentes con los avisos ciudadanos, con el objetivo de reducir progresivamente el n\u00famero de veh\u00edculos abandonados y recuperar esos espacios para el uso de los vecinos.<\/p>\n","protected":false},"excerpt":{"rendered":"<p>https:\/\/www.telde.es\/wp-content\/uploads\/2026\/08\/noticia674.jpgTelde, 24 de agosto de 2026.- El Ayuntamiento de Telde intensifica la localizaci\u00f3n y retirada de veh\u00edculos abandonados de las v\u00edas p\u00fablicas del municipio con un seguimiento diario de la&hellip;<\/p>\n","protected":false},"author":1,"featured_media":5212,"comment_status":"open","ping_status":"open","sticky":false,"template":"","format":"standard","meta":{"wpai_generated_summary":"","wpai_meta_description":"","footnotes":""},"categories":[140],"tags":[],"class_list":["post-5211","post","type-post","status-publish","format-standard","has-post-thumbnail","hentry","category-ayuntamiento-de-telde"],"_links":{"self":[{"href":"https:\/\/nublo.tv\/index.php\/wp-json\/wp\/v2\/posts\/5211","targetHints":{"allow":["GET"]}}],"collection":[{"href":"https:\/\/nublo.tv\/index.php\/wp-json\/wp\/v2\/posts"}],"about":[{"href":"https:\/\/nublo.tv\/index.php\/wp-json\/wp\/v2\/types\/post"}],"author":[{"embeddable":true,"href":"https:\/\/nublo.tv\/index.php\/wp-json\/wp\/v2\/users\/1"}],"replies":[{"embeddable":true,"href":"https:\/\/nublo.tv\/index.php\/wp-json\/wp\/v2\/comments?post=5211"}],"version-history":[{"count":1,"href":"https:\/\/nublo.tv\/index.php\/wp-json\/wp\/v2\/posts\/5211\/revisions"}],"predecessor-version":[{"id":5226,"href":"https:\/\/nublo.tv\/index.php\/wp-json\/wp\/v2\/posts\/5211\/revisions\/5226"}],"wp:featuredmedia":[{"embeddable":true,"href":"https:\/\/nublo.tv\/index.php\/wp-json\/wp\/v2\/media\/5212"}],"wp:attachment":[{"href":"https:\/\/nublo.tv\/index.php\/wp-json\/wp\/v2\/media?parent=5211"}],"wp:term":[{"taxonomy":"category","embeddable":true,"href":"https:\/\/nublo.tv\/index.php\/wp-json\/wp\/v2\/categories?post=5211"},{"taxonomy":"post_tag","embeddable":true,"href":"https:\/\/nublo.tv\/index.php\/wp-json\/wp\/v2\/tags?post=5211"}],"curies":[{"name":"wp","href":"https:\/\/api.w.org\/{rel}","templated":true}]}}