{"id":5215,"date":"2026-08-27T11:20:27","date_gmt":"2026-08-27T10:20:27","guid":{"rendered":"https:\/\/nublo.tv\/?p=5215"},"modified":"2026-08-25T08:24:15","modified_gmt":"2026-08-25T07:24:15","slug":"barrial-vive-su-fin-de-semana-grande-en-honor-a-nuestra-senora-de-los-desamparados","status":"publish","type":"post","link":"https:\/\/nublo.tv\/index.php\/2026\/08\/27\/barrial-vive-su-fin-de-semana-grande-en-honor-a-nuestra-senora-de-los-desamparados\/","title":{"rendered":"Barrial vive su fin de semana grande en honor a Nuestra Se\u00f1ora de los Desamparados"},"content":{"rendered":"<p>Barrial se prepara para vivir desde este viernes 28 de agosto su fin de semana grande de las Fiestas en honor a Nuestra Se\u00f1ora de los Desamparados, tres jornadas en las que se concentrar\u00e1n algunos de los actos m\u00e1s esperados del programa y que volver\u00e1n a llevar a las calles del barrio la participaci\u00f3n, la tradici\u00f3n, la m\u00fasica y la devoci\u00f3n.<\/p>\n<p>Las Carrozas, La Rama y el D\u00eda Mayor marcar\u00e1n un fin de semana en el que Barrial volver\u00e1 a convertirse en punto de encuentro para vecinos y visitantes, con una programaci\u00f3n que combina los actos m\u00e1s tradicionales con diferentes propuestas musicales y de entretenimiento.<\/p>\n<p><strong>Cinco carrozas dedicadas a la naturaleza<\/strong><\/p>\n<p>El viernes 28 de agosto, a las 21:00 horas, llegar\u00e1 uno de los primeros grandes momentos del fin de semana con la Cabalgata y Desfile de Carrozas, uno de los actos que cada a\u00f1o re\u00fane a un mayor n\u00famero de personas en las calles de Barrial.<\/p>\n<p>En esta edici\u00f3n ser\u00e1n cinco las carrozas que participar\u00e1n en el desfile, todas ellas dedicadas a la naturaleza. Una tem\u00e1tica escogida con la intenci\u00f3n de que las fiestas sirvan tambi\u00e9n para crear conciencia sobre la importancia de cuidar, respetar y proteger el entorno natural.<\/p>\n<p>Las cinco carrozas llevar\u00e1n a las calles diferentes propuestas relacionadas con la naturaleza, uniendo la creatividad y el car\u00e1cter festivo del desfile con un mensaje de sensibilizaci\u00f3n. De esta manera, uno de los actos m\u00e1s participativos de las fiestas se convierte tambi\u00e9n en una oportunidad para llamar la atenci\u00f3n sobre la necesidad de conservar el medio ambiente.<\/p>\n<p>Las carrazas han sido dise\u00f1ada por la comisi\u00f3n de fiestas, que cada a\u00f1o pone lo mejor de s\u00ed para que las carrozas sigan mostrando su m\u00e1ximo esplendor.<\/p>\n<p>La jornada del viernes comenzar\u00e1 a las 18:30 horas con el partido por el tercer y cuarto puesto del LXIX Torneo de la U.D. Barrial, mientras que a las 20:30 horas se disputar\u00e1 la gran final.<\/p>\n<p>Una vez finalizado el desfile, la m\u00fasica tomar\u00e1 el protagonismo en la Plaza Jos\u00e9 Rodr\u00edguez Quintana, donde actuar\u00e1n Que Chimba y Tacones Rojos, dando continuidad a una noche pensada para disfrutar del ambiente festivo.<\/p>\n<p><strong>La Rama volver\u00e1 a llenar Barrial el s\u00e1bado<\/strong><\/p>\n<p>El s\u00e1bado 29 de agosto llegar\u00e1 uno de los actos m\u00e1s esperados y participativos de las fiestas: La Rama de Barrial.<\/p>\n<p>La jornada comenzar\u00e1 a las 12:00 horas con el repique general de campanas, anunciando el D\u00eda Principal de las Fiestas de Barrial 2026.<\/p>\n<p>Ya por la tarde, a las 18:00 horas, desde el frontis del IES Roque Amagro, partir\u00e1 la tradicional Bajada de La Rama, acompa\u00f1ada por las charangas Vitamina Band y Guiniguada.<\/p>\n<p>Las calles volver\u00e1n a convertirse en el escenario de una de las tradiciones m\u00e1s arraigadas de Barrial, una celebraci\u00f3n que cada a\u00f1o consigue reunir a vecinos y visitantes en torno a la m\u00fasica, la rama y las ganas de disfrutar de una de las jornadas m\u00e1s caracter\u00edsticas de las fiestas.<\/p>\n<p>La comisi\u00f3n de fiestas hace un llamamiento a cumplir las normas b\u00e1sicas de convivencia y civismo, las cuales buscan el perfecto desarrollo de la celebraci\u00f3n de nuestra Rama.<\/p>\n<p>A las 19:00 horas, el sal\u00f3n de actos acoger\u00e1 un baile amenizado por Enclave Musical.<\/p>\n<p>La noche continuar\u00e1 en la Plaza Jos\u00e9 Rodr\u00edguez Quintana. A partir de las 23:00 horas se celebrar\u00e1 una gran verbena con D\u2019Music y Vitho DJ, mientras que a medianoche tendr\u00e1 lugar la tradicional quema de fuegos artificiales.<\/p>\n<p><strong>El domingo, D\u00eda Mayor de las Fiestas<\/strong><\/p>\n<p>El domingo 30 de agosto ser\u00e1 el D\u00eda Mayor de las Fiestas de Barrial, una jornada en la que la celebraci\u00f3n en honor a Nuestra Se\u00f1ora de los Desamparados ocupar\u00e1 el protagonismo.<\/p>\n<p>A las 12:00 horas tendr\u00e1 lugar la solemne Eucarist\u00eda en la iglesia de Nuestra Se\u00f1ora de los Desamparados y, posteriormente, la procesi\u00f3n en honor a la patrona.<\/p>\n<p>La tarde volver\u00e1 a llevar la fiesta a las calles con el Desfile de Carrozas y la Batalla de Flores, previsto para las 19:30 horas.<\/p>\n<p>Una vez finalizado el recorrido, la Plaza Jos\u00e9 Rodr\u00edguez Quintana acoger\u00e1 el espect\u00e1culo de humor y transformismo Los Salaitos, que pondr\u00e1 el cierre a una jornada especialmente se\u00f1alada dentro del programa.<\/p>\n<p>El presidente de la \u00a0A.V. \u201cAmagro\u201d de Barrial, Pepe el de Yoya, hace extensiva la invitaci\u00f3n a vecinos y visitantes para que se acerquen durante estos d\u00edas al barrio y participen de sus principales actos.<\/p>\n<p>La invitaci\u00f3n es a disfrutar de las Carrozas, de La Rama y del D\u00eda Mayor desde la participaci\u00f3n y el respeto, compartiendo unas fiestas que cada a\u00f1o consiguen reunir a numerosas personas en las calles de Barrial.<\/p>\n<p>Desde la asociaci\u00f3n vecinal tambi\u00e9n se pone el acento en la importancia de mantener una convivencia adecuada durante estas jornadas y de disfrutar de las tradiciones con responsabilidad, especialmente en unos d\u00edas en los que ser\u00e1n muchas las personas que participar\u00e1n en los diferentes actos.<\/p>\n<p>Este a\u00f1o, adem\u00e1s, las cinco carrozas dedicadas a la naturaleza incorporan un mensaje de concienciaci\u00f3n sobre el cuidado y la protecci\u00f3n del entorno, demostrando que las fiestas tambi\u00e9n pueden convertirse en un espacio para transmitir valores y hacer llegar mensajes a toda la sociedad.<\/p>\n<p>Barrial afronta as\u00ed sus d\u00edas grandes despu\u00e9s de varias semanas de actividades dirigidas a diferentes edades y p\u00fablicos. Ahora llegan las jornadas centrales, aquellas que cada a\u00f1o concentran buena parte de la participaci\u00f3n y que tienen en las Carrozas, La Rama y el D\u00eda Mayor sus principales protagonistas.<\/p>\n<p>Tres d\u00edas para volver a encontrarse en las calles, disfrutar de la m\u00fasica y las tradiciones y rendir homenaje a Nuestra Se\u00f1ora de los Desamparados, patrona de unas fiestas que forman parte de la historia, las vivencias y la identidad de Barrial.<\/p>\n","protected":false},"excerpt":{"rendered":"<p>Barrial se prepara para vivir desde este viernes 28 de agosto su fin de semana grande de las Fiestas en honor a Nuestra Se\u00f1ora de los Desamparados, tres jornadas en las que se concentrar\u00e1n algunos de los actos m\u00e1s esperados del programa y que volver\u00e1n a llevar a las calles del barrio la participaci\u00f3n, la [&hellip;]<\/p>\n","protected":false},"author":50,"featured_media":5216,"comment_status":"open","ping_status":"open","sticky":false,"template":"","format":"standard","meta":{"wpai_generated_summary":"","wpai_meta_description":"","footnotes":""},"categories":[153],"tags":[],"class_list":["post-5215","post","type-post","status-publish","format-standard","has-post-thumbnail","hentry","category-galdar"],"_links":{"self":[{"href":"https:\/\/nublo.tv\/index.php\/wp-json\/wp\/v2\/posts\/5215","targetHints":{"allow":["GET"]}}],"collection":[{"href":"https:\/\/nublo.tv\/index.php\/wp-json\/wp\/v2\/posts"}],"about":[{"href":"https:\/\/nublo.tv\/index.php\/wp-json\/wp\/v2\/types\/post"}],"author":[{"embeddable":true,"href":"https:\/\/nublo.tv\/index.php\/wp-json\/wp\/v2\/users\/50"}],"replies":[{"embeddable":true,"href":"https:\/\/nublo.tv\/index.php\/wp-json\/wp\/v2\/comments?post=5215"}],"version-history":[{"count":1,"href":"https:\/\/nublo.tv\/index.php\/wp-json\/wp\/v2\/posts\/5215\/revisions"}],"predecessor-version":[{"id":5217,"href":"https:\/\/nublo.tv\/index.php\/wp-json\/wp\/v2\/posts\/5215\/revisions\/5217"}],"wp:featuredmedia":[{"embeddable":true,"href":"https:\/\/nublo.tv\/index.php\/wp-json\/wp\/v2\/media\/5216"}],"wp:attachment":[{"href":"https:\/\/nublo.tv\/index.php\/wp-json\/wp\/v2\/media?parent=5215"}],"wp:term":[{"taxonomy":"category","embeddable":true,"href":"https:\/\/nublo.tv\/index.php\/wp-json\/wp\/v2\/categories?post=5215"},{"taxonomy":"post_tag","embeddable":true,"href":"https:\/\/nublo.tv\/index.php\/wp-json\/wp\/v2\/tags?post=5215"}],"curies":[{"name":"wp","href":"https:\/\/api.w.org\/{rel}","templated":true}]}}