{"id":5232,"date":"2026-08-25T09:02:35","date_gmt":"2026-08-25T08:02:35","guid":{"rendered":"https:\/\/nublo.tv\/?p=5232"},"modified":"2026-08-25T09:02:35","modified_gmt":"2026-08-25T08:02:35","slug":"galdar-organiza-una-nueva-gala-solidaria-en-barrial-para-apoyar-proyectos-educativos-en-mozambique","status":"publish","type":"post","link":"https:\/\/nublo.tv\/index.php\/2026\/08\/25\/galdar-organiza-una-nueva-gala-solidaria-en-barrial-para-apoyar-proyectos-educativos-en-mozambique\/","title":{"rendered":"G\u00e1ldar organiza una nueva gala solidaria en Barrial para apoyar proyectos educativos en Mozambique"},"content":{"rendered":"<p>El Ayuntamiento de G\u00e1ldar, a trav\u00e9s de la Concejal\u00eda de Solidaridad que dirige Ana Teresa Mendoza Jim\u00e9nez, organiza el pr\u00f3ximo jueves 27 de agosto a las 20.00 horas la gala solidaria \u2018G\u00e1ldar con el coraz\u00f3n en Mozambique\u2019, en colaboraci\u00f3n con la Asociaci\u00f3n de Vecinos Amagro de Barrial, que se celebrar\u00e1 en la sede de este colectivo vecinal.<\/p>\n<p>Esta iniciativa forma parte del programa \u2018G\u00e1ldar por la Solidaridad 2026\u2019 y tiene como objetivo recaudar fondos para financiar escuelas infantiles y primarias en poblados rurales de Mozambique. Los fondos obtenidos ser\u00e1n gestionados por la asociaci\u00f3n Madres Solidarias para respaldar los proyectos educativos que impulsa el sacerdote Manol\u00edn Ram\u00edrez en el pa\u00eds africano.<\/p>\n<p>La gala contar\u00e1 con la actuaci\u00f3n musical del d\u00fao formado por Juan Carlos \u00c1lamo Rosario y Dunia Candelaria Sosa, quienes ofrecer\u00e1n un repertorio cargado de sensibilidad y compromiso. Ambos artistas desarrollan desde 2023 un proyecto conjunto que abarca principalmente boleros, desde los m\u00e1s tradicionales hasta adaptaciones de temas reconocidos y referencias de la m\u00fasica mexicana contempor\u00e1nea, adem\u00e1s de otras propuestas musicales. Juan Carlos \u00c1lamo tambi\u00e9n incorpora a sus actuaciones canciones vinculadas a la canci\u00f3n protesta y a la m\u00fasica tradicional puertorrique\u00f1a.<\/p>\n<p>Tras la celebraci\u00f3n de galas solidarias en San Isidro, Ca\u00f1ada Honda y Los Quintana, la cuarta en Barrial da continuidad a una iniciativa que busca sensibilizar a la ciudadan\u00eda sobre la realidad de las comunidades rurales de Mozambique y fomentar la cooperaci\u00f3n internacional a trav\u00e9s de la cultura y la participaci\u00f3n vecinal.<\/p>\n<p>El evento est\u00e1 financiado por la Consejer\u00eda de Cooperaci\u00f3n Institucional y Solidaridad Internacional del Cabildo de Gran Canaria.<\/p>\n","protected":false},"excerpt":{"rendered":"<p>El Ayuntamiento de G\u00e1ldar, a trav\u00e9s de la Concejal\u00eda de Solidaridad que dirige Ana Teresa Mendoza Jim\u00e9nez, organiza el pr\u00f3ximo jueves 27 de agosto a las 20.00 horas la gala&hellip;<\/p>\n","protected":false},"author":1,"featured_media":5235,"comment_status":"open","ping_status":"open","sticky":false,"template":"","format":"standard","meta":{"wpai_generated_summary":"","wpai_meta_description":"","footnotes":""},"categories":[129],"tags":[],"class_list":["post-5232","post","type-post","status-publish","format-standard","has-post-thumbnail","hentry","category-ayuntamiento-de-galdar"],"_links":{"self":[{"href":"https:\/\/nublo.tv\/index.php\/wp-json\/wp\/v2\/posts\/5232","targetHints":{"allow":["GET"]}}],"collection":[{"href":"https:\/\/nublo.tv\/index.php\/wp-json\/wp\/v2\/posts"}],"about":[{"href":"https:\/\/nublo.tv\/index.php\/wp-json\/wp\/v2\/types\/post"}],"author":[{"embeddable":true,"href":"https:\/\/nublo.tv\/index.php\/wp-json\/wp\/v2\/users\/1"}],"replies":[{"embeddable":true,"href":"https:\/\/nublo.tv\/index.php\/wp-json\/wp\/v2\/comments?post=5232"}],"version-history":[{"count":1,"href":"https:\/\/nublo.tv\/index.php\/wp-json\/wp\/v2\/posts\/5232\/revisions"}],"predecessor-version":[{"id":5234,"href":"https:\/\/nublo.tv\/index.php\/wp-json\/wp\/v2\/posts\/5232\/revisions\/5234"}],"wp:featuredmedia":[{"embeddable":true,"href":"https:\/\/nublo.tv\/index.php\/wp-json\/wp\/v2\/media\/5235"}],"wp:attachment":[{"href":"https:\/\/nublo.tv\/index.php\/wp-json\/wp\/v2\/media?parent=5232"}],"wp:term":[{"taxonomy":"category","embeddable":true,"href":"https:\/\/nublo.tv\/index.php\/wp-json\/wp\/v2\/categories?post=5232"},{"taxonomy":"post_tag","embeddable":true,"href":"https:\/\/nublo.tv\/index.php\/wp-json\/wp\/v2\/tags?post=5232"}],"curies":[{"name":"wp","href":"https:\/\/api.w.org\/{rel}","templated":true}]}}