{"id":5260,"date":"2026-08-25T12:46:18","date_gmt":"2026-08-25T11:46:18","guid":{"rendered":"https:\/\/nublo.tv\/?p=5260"},"modified":"2026-08-25T12:46:18","modified_gmt":"2026-08-25T11:46:18","slug":"el-ayuntamiento-impulsa-el-talento-musical-joven-con-una-nueva-edicion-del-certamen-de-cancion-de-jovenes-creadores-e-interpretes","status":"publish","type":"post","link":"https:\/\/nublo.tv\/index.php\/2026\/08\/25\/el-ayuntamiento-impulsa-el-talento-musical-joven-con-una-nueva-edicion-del-certamen-de-cancion-de-jovenes-creadores-e-interpretes\/","title":{"rendered":"El Ayuntamiento impulsa el talento musical joven con una nueva edici\u00f3n del Certamen de Canci\u00f3n de J\u00f3venes Creadores e Int\u00e9rpretes"},"content":{"rendered":"<div class=\"image col-sm-6 pull-right\"><\/div>\n<div class=\"container-fluid\">\n<p>Las personas de entre 14 y 30 a\u00f1os residentes en Gran Canaria podr\u00e1n presentar sus canciones originales hasta el pr\u00f3ximo 30 de septiembre<\/p>\n<p>Las Palmas de Gran Canaria, 25 de agosto de 2026. El Ayuntamiento de Las Palmas de Gran Canaria, a trav\u00e9s de la Concejal\u00eda de Juventud, abre el plazo para participar en el Certamen de Canci\u00f3n de J\u00f3venes Creadores e Int\u00e9rpretes 2026, una iniciativa dirigida a promover el talento musical y ofrecer un espacio para que j\u00f3venes compositores, m\u00fasicos e int\u00e9rpretes puedan dar a conocer sus creaciones.<\/p>\n<p>La concejala de Juventud, Carla Campoamor, ha se\u00f1alado que \u201ccon este certamen queremos ofrecer a los j\u00f3venes una oportunidad para mostrar su talento, compartir sus propias composiciones y avanzar en el desarrollo de sus proyectos art\u00edsticos, poniendo a su disposici\u00f3n un escenario en el que puedan expresarse a trav\u00e9s de la m\u00fasica\u201d.<\/p>\n<p>El certamen est\u00e1 dirigido a j\u00f3venes de entre 14 y 30 a\u00f1os residentes en Gran Canaria, que podr\u00e1n participar con una \u00fanica canci\u00f3n original e in\u00e9dita tanto en su letra como en su m\u00fasica. La tem\u00e1tica ser\u00e1 libre y se admitir\u00e1n obras de todos los estilos y en cualquier idioma, desde pop, rock, soul o balada hasta salsa, folclore o m\u00fasica urbana, entre otros g\u00e9neros.<\/p>\n<p>Las propuestas deber\u00e1n tener una duraci\u00f3n m\u00e1xima de cinco minutos y ser\u00e1n interpretadas en formato ac\u00fastico. Las personas participantes podr\u00e1n defender sus composiciones individualmente o con colaboradores, hasta un m\u00e1ximo de tres integrantes, siempre que todos ellos cumplan los requisitos establecidos en las base.<\/p>\n<p>El plazo de inscripci\u00f3n permanecer\u00e1 abierto hasta el 30 de septiembre. Para participar ser\u00e1 necesario presentar una grabaci\u00f3n del tema en formato MP3, sin que sea necesario que tenga calidad profesional, as\u00ed como la letra de la canci\u00f3n en formato PDF y los datos personales requeridos. En el caso de composiciones en un idioma distinto al castellano, deber\u00e1 aportarse tambi\u00e9n su traducci\u00f3n.<\/p>\n<p>Una vez finalizado el periodo de inscripci\u00f3n, se seleccionar\u00e1n entre un m\u00ednimo de 12 y un m\u00e1ximo de 15 finalistas. La relaci\u00f3n definitiva de participantes se dar\u00e1 a conocer el 7 de octubre a trav\u00e9s de las redes sociales oficiales de LPA Juventud.<\/p>\n<p>Las personas seleccionadas tendr\u00e1n la oportunidad de defender sus canciones en directo durante la Gran Final, que tendr\u00e1 lugar el pr\u00f3ximo 23 de octubre, a las 20:00 horas, en el Teatro del Centro de Iniciativas Culturales de la Caja de Canarias (CICCA), con entrada gratuita hasta completar aforo.<\/p>\n<p>Un jurado formado por profesionales vinculados a la producci\u00f3n y promoci\u00f3n musical ser\u00e1 el encargado de valorar las propuestas atendiendo a la originalidad de la composici\u00f3n, la calidad de las letras y la interpretaci\u00f3n.<\/p>\n<p>El certamen establece tres premios econ\u00f3micos. La propuesta ganadora recibir\u00e1 1.000 euros, mientras que el segundo y tercer premio estar\u00e1n dotados con 500 y 250 euros, respectivamente.<\/p>\n<p>Las personas interesadas podr\u00e1n remitir la documentaci\u00f3n necesaria para participar al correo electr\u00f3nico certamen@proyectosmusicales.com. Tambi\u00e9n podr\u00e1n obtener informaci\u00f3n a trav\u00e9s del tel\u00e9fono y WhatsApp 653 020 578.<\/p>\n<\/div>\n","protected":false},"excerpt":{"rendered":"<p>Las personas de entre 14 y 30 a\u00f1os residentes en Gran Canaria podr\u00e1n presentar sus canciones originales hasta el pr\u00f3ximo 30 de septiembre Las Palmas de Gran Canaria, 25 de&hellip;<\/p>\n","protected":false},"author":1,"featured_media":5263,"comment_status":"open","ping_status":"open","sticky":false,"template":"","format":"standard","meta":{"wpai_generated_summary":"","wpai_meta_description":"","footnotes":""},"categories":[132],"tags":[],"class_list":["post-5260","post","type-post","status-publish","format-standard","has-post-thumbnail","hentry","category-ayuntamiento-de-las-palmas-de-gran-canaria"],"_links":{"self":[{"href":"https:\/\/nublo.tv\/index.php\/wp-json\/wp\/v2\/posts\/5260","targetHints":{"allow":["GET"]}}],"collection":[{"href":"https:\/\/nublo.tv\/index.php\/wp-json\/wp\/v2\/posts"}],"about":[{"href":"https:\/\/nublo.tv\/index.php\/wp-json\/wp\/v2\/types\/post"}],"author":[{"embeddable":true,"href":"https:\/\/nublo.tv\/index.php\/wp-json\/wp\/v2\/users\/1"}],"replies":[{"embeddable":true,"href":"https:\/\/nublo.tv\/index.php\/wp-json\/wp\/v2\/comments?post=5260"}],"version-history":[{"count":1,"href":"https:\/\/nublo.tv\/index.php\/wp-json\/wp\/v2\/posts\/5260\/revisions"}],"predecessor-version":[{"id":5262,"href":"https:\/\/nublo.tv\/index.php\/wp-json\/wp\/v2\/posts\/5260\/revisions\/5262"}],"wp:featuredmedia":[{"embeddable":true,"href":"https:\/\/nublo.tv\/index.php\/wp-json\/wp\/v2\/media\/5263"}],"wp:attachment":[{"href":"https:\/\/nublo.tv\/index.php\/wp-json\/wp\/v2\/media?parent=5260"}],"wp:term":[{"taxonomy":"category","embeddable":true,"href":"https:\/\/nublo.tv\/index.php\/wp-json\/wp\/v2\/categories?post=5260"},{"taxonomy":"post_tag","embeddable":true,"href":"https:\/\/nublo.tv\/index.php\/wp-json\/wp\/v2\/tags?post=5260"}],"curies":[{"name":"wp","href":"https:\/\/api.w.org\/{rel}","templated":true}]}}