{"id":5264,"date":"2026-08-25T13:31:19","date_gmt":"2026-08-25T12:31:19","guid":{"rendered":"https:\/\/nublo.tv\/?p=5264"},"modified":"2026-08-25T13:31:19","modified_gmt":"2026-08-25T12:31:19","slug":"la-ud-las-palmas-juvenil-se-proclamo-campeon-del-58o-torneo-de-futbol-el-pino","status":"publish","type":"post","link":"https:\/\/nublo.tv\/index.php\/2026\/08\/25\/la-ud-las-palmas-juvenil-se-proclamo-campeon-del-58o-torneo-de-futbol-el-pino\/","title":{"rendered":"La UD Las Palmas Juvenil se proclam\u00f3 campe\u00f3n del 58\u00ba Torneo de f\u00fatbol El Pino"},"content":{"rendered":"<div class=\"xdj266r x11i5rnm xat24cr x1mh8g0r x1vvkbs x126k92a\">\n<div dir=\"auto\">\n<div class=\"xdj266r x11i5rnm xat24cr x1mh8g0r x1vvkbs x126k92a\">\n<div dir=\"auto\">\n<p><strong>El programa deportivo del Pino contin\u00faa el s\u00e1bado 29 de agosto con dos nuevas citas futboleras en el Estadio El Pino: a las 12:00 el Triangular de Regional Sub-23; y a las 18:00 horas el 44\u00ba Torneo de Veteranos El Pino.<\/strong><\/p>\n<p>El programa deportivo de la Fiesta del Pino se inici\u00f3 el pasado fin de semana con el veterano Torneo de F\u00fatbol El Pino, que celebr\u00f3 su 58\u00aa edici\u00f3n el 21 y 23 de agosto. El equipo de la UD Las Palmas (Juvenil DH) se proclam\u00f3 campe\u00f3n en la final celebrado en el Estadio El Pino. La UD Teror en Regional Preferente qued\u00f3 subcampe\u00f3n, y el 3\u00ba y 4\u00ba puesto fueron para la UD San Antonio (1 Regional) y el CF Acodetti (Juvenil DH), respectivamente.<\/p>\n<p><a href=\"https:\/\/teror.es\/wp-content\/uploads\/2026\/08\/58TorneoElPino2026_14.jpeg\"><img loading=\"lazy\" decoding=\"async\" class=\"alignright wp-image-99251 size-vp_sm\" src=\"https:\/\/teror.es\/wp-content\/uploads\/2026\/08\/58TorneoElPino2026_14-500x500.jpeg\" alt=\"\" width=\"500\" height=\"500\" \/><\/a>La actividad deportiva del Pino contin\u00faa este s\u00e1bado 29 de agosto, con el 58\u00ba Torneo El Pino en la Categor\u00eda Regional Sub-23, que jugar\u00e1 a las 12:00 horas un Triangular con primer partido entre CD Ojos de Garza contra CD Kayku; segundo partido: UD Teror contra el vencedor del primer partido; Y tercer partido: UD Teror contra el perdedor del primer partido.<\/p>\n<p>Tambi\u00e9n el s\u00e1bado 29 de agosto, a las 18:00 horas, tendr\u00e1 lugar en el Estadio El Pino el\u00a0 44\u00ba Torneo Veterano El Pino, donde se enfrentar\u00e1n el\u00a0Veterano El Pino Los \u00c1lamos y Veterano Valleseco.<\/p>\n<div class=\"envira-gallery-feed-output\"><img decoding=\"async\" class=\"envira-gallery-feed-image\" tabindex=\"0\" title=\"58TorneoElPino2026_10\" src=\"https:\/\/teror.es\/wp-content\/uploads\/2026\/08\/58TorneoElPino2026_10-777x518.jpeg\" alt=\"\" \/><\/div>\n<\/div>\n<div dir=\"auto\">\n<p class=\"paragraph\">\n<\/div>\n<\/div>\n<\/div>\n<\/div>\n<div class=\"x11i5rnm xat24cr x1mh8g0r x1vvkbs xtlvy1s x126k92a\">\n<div dir=\"auto\"><\/div>\n<\/div>\n<div class=\"x11i5rnm xat24cr x1mh8g0r x1vvkbs xtlvy1s x126k92a\">\n<div dir=\"auto\"><\/div>\n<\/div>\n","protected":false},"excerpt":{"rendered":"<p>El programa deportivo del Pino contin\u00faa el s\u00e1bado 29 de agosto con dos nuevas citas futboleras en el Estadio El Pino: a las 12:00 el Triangular de Regional Sub-23; y&hellip;<\/p>\n","protected":false},"author":1,"featured_media":5267,"comment_status":"open","ping_status":"open","sticky":false,"template":"","format":"standard","meta":{"wpai_generated_summary":"","wpai_meta_description":"","footnotes":""},"categories":[141],"tags":[],"class_list":["post-5264","post","type-post","status-publish","format-standard","has-post-thumbnail","hentry","category-ayuntamiento-de-teror"],"_links":{"self":[{"href":"https:\/\/nublo.tv\/index.php\/wp-json\/wp\/v2\/posts\/5264","targetHints":{"allow":["GET"]}}],"collection":[{"href":"https:\/\/nublo.tv\/index.php\/wp-json\/wp\/v2\/posts"}],"about":[{"href":"https:\/\/nublo.tv\/index.php\/wp-json\/wp\/v2\/types\/post"}],"author":[{"embeddable":true,"href":"https:\/\/nublo.tv\/index.php\/wp-json\/wp\/v2\/users\/1"}],"replies":[{"embeddable":true,"href":"https:\/\/nublo.tv\/index.php\/wp-json\/wp\/v2\/comments?post=5264"}],"version-history":[{"count":1,"href":"https:\/\/nublo.tv\/index.php\/wp-json\/wp\/v2\/posts\/5264\/revisions"}],"predecessor-version":[{"id":5266,"href":"https:\/\/nublo.tv\/index.php\/wp-json\/wp\/v2\/posts\/5264\/revisions\/5266"}],"wp:featuredmedia":[{"embeddable":true,"href":"https:\/\/nublo.tv\/index.php\/wp-json\/wp\/v2\/media\/5267"}],"wp:attachment":[{"href":"https:\/\/nublo.tv\/index.php\/wp-json\/wp\/v2\/media?parent=5264"}],"wp:term":[{"taxonomy":"category","embeddable":true,"href":"https:\/\/nublo.tv\/index.php\/wp-json\/wp\/v2\/categories?post=5264"},{"taxonomy":"post_tag","embeddable":true,"href":"https:\/\/nublo.tv\/index.php\/wp-json\/wp\/v2\/tags?post=5264"}],"curies":[{"name":"wp","href":"https:\/\/api.w.org\/{rel}","templated":true}]}}