{"id":5268,"date":"2026-08-25T13:46:52","date_gmt":"2026-08-25T12:46:52","guid":{"rendered":"https:\/\/nublo.tv\/?p=5268"},"modified":"2026-08-25T13:46:52","modified_gmt":"2026-08-25T12:46:52","slug":"la-talla-de-la-virgen-del-pino-se-expone-sin-su-manto-hasta-el-jueves-27-de-agosto","status":"publish","type":"post","link":"https:\/\/nublo.tv\/index.php\/2026\/08\/25\/la-talla-de-la-virgen-del-pino-se-expone-sin-su-manto-hasta-el-jueves-27-de-agosto\/","title":{"rendered":"La talla de la Virgen del Pino se expone sin su manto hasta el jueves 27 de agosto"},"content":{"rendered":"<p><strong>La bella imagen de madera policromada del s.XVI se muestra en el Camar\u00edn, accediendo por el Museo de Arte Sacro. La Bas\u00edlica ofrece adem\u00e1s visitas guiadas al Museo de Arte Sacro, Bas\u00edlica y torre amarilla durante la semana.<\/strong><\/p>\n<p>Desde este lunes 24 de agosto al jueves 27 de agosto, la Bas\u00edlica del Pino muestra la imagen de la Virgen del Pino sin sus tradicionales mantos o ropajes de tela que la cubre durante todo el a\u00f1o. Siguiendo las recomendaciones de los expertos la bella talla de madera policromada del siglo XVI se deja airear para su mejor conservaci\u00f3n. Es el \u00fanico momento del a\u00f1o en que la imagen puede ser vista al completo, sin los atuendos y joyas que la cubren. A partir del 28 de agosto lucir\u00e1 el Manto Rojo para las Fiesta del Pino.<\/p>\n<p>Por otra parte, la Bas\u00edlica de Teror ofrece esta semana, del 24 al 28 de agosto, visitas guiadas por el Museo de Arte Sacro, la Bas\u00edlica y la Torre amarilla, a cargo del historiador experto Gustavo A. Truillo.<\/p>\n<p>La imagen puede ser contemplada en el camar\u00edn de la Bas\u00edlica, a trav\u00e9s del Museo de Arte Sacro, en los siguientes horarios.<\/p>\n<p><strong>Visita a la Talla de la Virgen.<\/strong><br \/>\nDel lunes 24 al jueves 27 de agosto Horario: 16:00 h. \u2013 20:00 h. Entrada gratuita<\/p>\n<p><strong><a href=\"https:\/\/teror.es\/wp-content\/uploads\/2026\/08\/25_talla-virgen-expuesta.jpeg\"><img loading=\"lazy\" decoding=\"async\" class=\"alignright size-vp_sm wp-image-99259\" src=\"https:\/\/teror.es\/wp-content\/uploads\/2026\/08\/25_talla-virgen-expuesta-500x707.jpeg\" alt=\"\" width=\"500\" height=\"707\"><\/a>Visita al Museo de Arte Sacro y a la Talla de la Virgen<\/strong><br \/>\nDel martes 25 al viernes 28 de agosto Horario: 10:30 h. \u2013 14:30 h. Entrada: 2,50\u20ac (residente en la provincia de Las Palmas) 4\u20ac (general)<br \/>\nJornada de puertas abiertas al Museo de Arte Sacro<br \/>\nS\u00e1bado 29 de septiembre<br \/>\nHorario: 10:30 h. \u2013 14:30 h.<br \/>\nEntrada gratuita<\/p>\n<p><strong>VISITAS GUIADAS<\/strong><br \/>\n<strong>MUSEO DE ARTE SACRO BAS\u00cdLICA DE TEROR<br \/>\n<\/strong><em>Por el historiador Gustavo A. Trujillo<\/em><br \/>\n\u2013 Visitas diurnas al Museo de Arte Sacro y Torre amarilla<br \/>\nJueves 27 y viernes 28 de agosto<br \/>\nHorario: 12:00 h. Precio: 10\u20ac<\/p>\n<p>-Visitas nocturnas al Museo de Arte Sacro, Bas\u00edlica y torre amarilla<br \/>\nMartes 25, mi\u00e9rcoles 26 y jueves 27 de agosto.<br \/>\nHorario: 20:00 h. Precio: 15\u20ac<br \/>\nAFORORO LIMITADO<br \/>\n<span style=\"color: #0000ff\">Reserva tu entrada en: bileniomovil@gmail.com<\/span><br \/>\n<span style=\"color: #0000ff\">657 583 559<\/span><\/p>\n<p>\u00a0<\/p>\n<p>\u00a0<\/p>\n<p>\u00a0<\/p>\n","protected":false},"excerpt":{"rendered":"<p>La bella imagen de madera policromada del s.XVI se muestra en el Camar\u00edn, accediendo por el Museo de Arte Sacro. La Bas\u00edlica ofrece adem\u00e1s visitas guiadas al Museo de Arte&hellip;<\/p>\n","protected":false},"author":1,"featured_media":5274,"comment_status":"open","ping_status":"open","sticky":false,"template":"","format":"standard","meta":{"wpai_generated_summary":"","wpai_meta_description":"","footnotes":""},"categories":[141],"tags":[],"class_list":["post-5268","post","type-post","status-publish","format-standard","has-post-thumbnail","hentry","category-ayuntamiento-de-teror"],"_links":{"self":[{"href":"https:\/\/nublo.tv\/index.php\/wp-json\/wp\/v2\/posts\/5268","targetHints":{"allow":["GET"]}}],"collection":[{"href":"https:\/\/nublo.tv\/index.php\/wp-json\/wp\/v2\/posts"}],"about":[{"href":"https:\/\/nublo.tv\/index.php\/wp-json\/wp\/v2\/types\/post"}],"author":[{"embeddable":true,"href":"https:\/\/nublo.tv\/index.php\/wp-json\/wp\/v2\/users\/1"}],"replies":[{"embeddable":true,"href":"https:\/\/nublo.tv\/index.php\/wp-json\/wp\/v2\/comments?post=5268"}],"version-history":[{"count":1,"href":"https:\/\/nublo.tv\/index.php\/wp-json\/wp\/v2\/posts\/5268\/revisions"}],"predecessor-version":[{"id":5273,"href":"https:\/\/nublo.tv\/index.php\/wp-json\/wp\/v2\/posts\/5268\/revisions\/5273"}],"wp:featuredmedia":[{"embeddable":true,"href":"https:\/\/nublo.tv\/index.php\/wp-json\/wp\/v2\/media\/5274"}],"wp:attachment":[{"href":"https:\/\/nublo.tv\/index.php\/wp-json\/wp\/v2\/media?parent=5268"}],"wp:term":[{"taxonomy":"category","embeddable":true,"href":"https:\/\/nublo.tv\/index.php\/wp-json\/wp\/v2\/categories?post=5268"},{"taxonomy":"post_tag","embeddable":true,"href":"https:\/\/nublo.tv\/index.php\/wp-json\/wp\/v2\/tags?post=5268"}],"curies":[{"name":"wp","href":"https:\/\/api.w.org\/{rel}","templated":true}]}}