{"id":5276,"date":"2026-08-25T15:15:13","date_gmt":"2026-08-25T14:15:13","guid":{"rendered":"https:\/\/nublo.tv\/?p=5276"},"modified":"2026-08-25T15:15:13","modified_gmt":"2026-08-25T14:15:13","slug":"la-reivindicacion-de-tristana-se-impone-desde-las-fachadas-de-schamann","status":"publish","type":"post","link":"https:\/\/nublo.tv\/index.php\/2026\/08\/25\/la-reivindicacion-de-tristana-se-impone-desde-las-fachadas-de-schamann\/","title":{"rendered":"La reivindicaci\u00f3n de Tristana se impone desde las fachadas de Schamann"},"content":{"rendered":"<div class=\"image col-sm-6 pull-right\"><\/div>\n<div class=\"container-fluid\">\n<p>La alcaldesa, Carolina Darias, y la concejala del Distrito Ciudad Alta, Betsaida Gonz\u00e1lez, han asistido a los primeros trazos de la interpretaci\u00f3n que la artista pl\u00e1stica Elisa Capdevila realizar\u00e1 de la obra de Gald\u00f3s<\/p>\n<p>A partir de estos momentos la calle Zaragoza, del Can\u00f3dromo a Pedro Infinito, ir\u00e1 acogiendo a Gald\u00f3s y a siete personajes significativos de su legado, a trav\u00e9s del trabajo de ocho artistas<\/p>\n<p>Las Palmas de Gran Canaria, martes 25 de agosto de 2026. El color y el legado galdosiano han regresado a los muros de la calle Zaragoza. \u00abOrgullo de barrio. Arte a pie de calle\u00bb, proyecto municipal de creaci\u00f3n art\u00edstica y mediaci\u00f3n cultural ha impreso el primer trazo a la altura del n\u00famero 26, punto en el que la artista Elisa Capdevila desarrollar\u00e1 su particular interpretaci\u00f3n de Tristana (1892), personaje que ans\u00eda la libertad y la realizaci\u00f3n personal en una sociedad limitante; y obra que criticaba la situaci\u00f3n del momento con respecto a los derechos de las mujeres.<\/p>\n<p>Las primeras pinceladas, o brochazos, teniendo en cuenta que se trata de muros de gran formato, de Capdevila fueron seguidas atentamente por la alcaldesa de Las Palmas de Gran Canaria, Carolina Darias, y por la concejala del Distrito Cuidad Alta, Betsaida Gonz\u00e1lez. Ambas compartieron impresiones con la artista catalana recientemente afincada en la ciudad y con los medios de comunicaci\u00f3n que captaron el momento de inicio de una serie de trabajos que progresivamente tomar\u00e1n la calle de principio a fin. Ocho ser\u00e1n los murales y ocho las y los artistas que revisar\u00e1n al autor y a siete personajes desde diferentes miradas art\u00edsticas.<\/p>\n<p>El proyecto continuar\u00e1 desarroll\u00e1ndose en los pr\u00f3ximos meses y en el invierno la imagen de la v\u00eda se ver\u00e1 completamente renovada gracias a la creaci\u00f3n de los muralistas. A estas intervenciones se une la propuesta cultural de \u00abGald\u00f3s expandido\u00bb de Salvadora Luj\u00e1n-Ram\u00f3n, un espacio compartido con el vecindario al que se acceder\u00e1 con los c\u00f3digos QR que se situar\u00e1n al pie de cada obra. Las im\u00e1genes llevar\u00e1n a textos, v\u00eddeos, preguntas y reflexiones sobre las obras, un espacio para el an\u00e1lisis y el di\u00e1logo en donde se observar\u00e1 el universo galdosiano desde el presente.<\/p>\n<p>Sobre \u00abOrgullo de barrio. Arte a pie de calle\u00bb quiso pronunciarse Darias: \u201cun proyecto de transformaci\u00f3n muy importante: llevar el arte, llevar la cultura a pie de calle\u201d. En Schamann, en concreto, se\u00f1al\u00f3, \u201cse trata de impulsar y de renovar unos murales que, en su momento, ya formaban parte de estas fachadas, pero que, con el paso del tiempo, necesitan una nueva visi\u00f3n, una remodelaci\u00f3n y, sobre todo, que nuevos artistas puedan dar su aportaci\u00f3n\u201d.<\/p>\n<p>Precisamente la primera creadora en plasmar su visi\u00f3n, Elisa Capdevila, confes\u00f3 que la propuesta le result\u00f3 \u201cins\u00f3lita para el arte urbano\u201d, seg\u00fan lo que explic\u00f3, por tratarse de \u201cuna disposici\u00f3n de fachadas iguales y seguidas, y con tema cohesivo\u201d. Tambi\u00e9n se pronunci\u00f3 sobre su obra y personaje, Tristana, a la que abordar\u00e1 \u201cfij\u00e1ndose en la gran capacidad que ten\u00eda para conectar con su mundo interior y so\u00f1ar con un mundo mejor frente a una realidad que no le era f\u00e1cil\u201d, coment\u00f3.<\/p>\n<p>Elisa Capdevila se form\u00f3 en la Barcelona Academy of Arts, su trabajo fue evolucionando y, poco a poco, tomando los muros hasta llegar a crear proyectos a gran escala. Hoy su firma es reconocida internacionalmente y ha participado en varios festivales de arte urbano. Actualmente combina la faceta mural con la obra de estudio.<\/p>\n<\/div>\n","protected":false},"excerpt":{"rendered":"<p>La alcaldesa, Carolina Darias, y la concejala del Distrito Ciudad Alta, Betsaida Gonz\u00e1lez, han asistido a los primeros trazos de la interpretaci\u00f3n que la artista pl\u00e1stica Elisa Capdevila realizar\u00e1 de&hellip;<\/p>\n","protected":false},"author":1,"featured_media":5319,"comment_status":"open","ping_status":"open","sticky":false,"template":"","format":"standard","meta":{"wpai_generated_summary":"","wpai_meta_description":"","footnotes":""},"categories":[132],"tags":[],"class_list":["post-5276","post","type-post","status-publish","format-standard","has-post-thumbnail","hentry","category-ayuntamiento-de-las-palmas-de-gran-canaria"],"_links":{"self":[{"href":"https:\/\/nublo.tv\/index.php\/wp-json\/wp\/v2\/posts\/5276","targetHints":{"allow":["GET"]}}],"collection":[{"href":"https:\/\/nublo.tv\/index.php\/wp-json\/wp\/v2\/posts"}],"about":[{"href":"https:\/\/nublo.tv\/index.php\/wp-json\/wp\/v2\/types\/post"}],"author":[{"embeddable":true,"href":"https:\/\/nublo.tv\/index.php\/wp-json\/wp\/v2\/users\/1"}],"replies":[{"embeddable":true,"href":"https:\/\/nublo.tv\/index.php\/wp-json\/wp\/v2\/comments?post=5276"}],"version-history":[{"count":1,"href":"https:\/\/nublo.tv\/index.php\/wp-json\/wp\/v2\/posts\/5276\/revisions"}],"predecessor-version":[{"id":5318,"href":"https:\/\/nublo.tv\/index.php\/wp-json\/wp\/v2\/posts\/5276\/revisions\/5318"}],"wp:featuredmedia":[{"embeddable":true,"href":"https:\/\/nublo.tv\/index.php\/wp-json\/wp\/v2\/media\/5319"}],"wp:attachment":[{"href":"https:\/\/nublo.tv\/index.php\/wp-json\/wp\/v2\/media?parent=5276"}],"wp:term":[{"taxonomy":"category","embeddable":true,"href":"https:\/\/nublo.tv\/index.php\/wp-json\/wp\/v2\/categories?post=5276"},{"taxonomy":"post_tag","embeddable":true,"href":"https:\/\/nublo.tv\/index.php\/wp-json\/wp\/v2\/tags?post=5276"}],"curies":[{"name":"wp","href":"https:\/\/api.w.org\/{rel}","templated":true}]}}