{"id":5278,"date":"2026-08-25T15:15:07","date_gmt":"2026-08-25T14:15:07","guid":{"rendered":"https:\/\/nublo.tv\/?p=5278"},"modified":"2026-08-25T15:15:07","modified_gmt":"2026-08-25T14:15:07","slug":"el-ayuntamiento-publica-la-licitacion-para-la-finalizacion-integral-del-pabellon-polideportivo-de-jinamar","status":"publish","type":"post","link":"https:\/\/nublo.tv\/index.php\/2026\/08\/25\/el-ayuntamiento-publica-la-licitacion-para-la-finalizacion-integral-del-pabellon-polideportivo-de-jinamar\/","title":{"rendered":"El Ayuntamiento publica la licitaci\u00f3n para la finalizaci\u00f3n integral del Pabell\u00f3n Polideportivo de Jin\u00e1mar"},"content":{"rendered":"<div class=\"image col-sm-6 pull-right\"><\/div>\n<div class=\"container-fluid\">\n<p>El contrato cuenta con un presupuesto base de licitaci\u00f3n de 3,79 millones de euros y un plazo de ejecuci\u00f3n de 11 meses<br \/>\nEl proyecto incorpora mejoras t\u00e9cnicas, una instalaci\u00f3n fotovoltaica, pavimento deportivo especializado y actuaciones de accesibilidad y urbanizaci\u00f3n para conectar el recinto con La Rambla de la Concepci\u00f3n<br \/>\nLas Palmas de Gran Canaria, 25 de agosto de 2026. El Ayuntamiento de Las Palmas de Gran Canaria, a trav\u00e9s del Instituto Municipal para la Promoci\u00f3n de la Actividad F\u00edsica y el Deporte (IMD), ha publicado este martes en la Plataforma de Contrataci\u00f3n del Sector P\u00fablico la licitaci\u00f3n para la finalizaci\u00f3n integral del Pabell\u00f3n Polideportivo de Jin\u00e1mar, una actuaci\u00f3n que permitir\u00e1 culminar y poner en servicio esta infraestructura deportiva y de uso comunitario.<br \/>\nEl contrato cuenta con un presupuesto base de licitaci\u00f3n de 3.795.116,31 euros, y contempla un plazo de ejecuci\u00f3n de 11 meses desde la firma del acta de replanteo.<br \/>\nLa concejala de Deportes y presidenta del IMD, Carla Campoamor, ha se\u00f1alado que \u201cla publicaci\u00f3n de esta licitaci\u00f3n supone un paso decisivo para poder culminar una infraestructura deportiva muy necesaria para Jin\u00e1mar. Nuestro objetivo es que el pabell\u00f3n pueda abrir sus puertas como un espacio moderno y accesible\u201d.<br \/>\n\u201cEstamos hablando de una instalaci\u00f3n que va a ampliar las posibilidades deportivas de la ciudad y que, adem\u00e1s, incorpora espacios polivalentes para dar respuesta a las necesidades del barrio. Queremos que las instalaciones municipales sean espacios vivos, abiertos a la ciudadan\u00eda y capaces de acoger actividad durante todo el a\u00f1o\u201d, ha a\u00f1adido Campoamor.<br \/>\nUna instalaci\u00f3n deportiva distribuida en tres niveles<br \/>\nEl pabell\u00f3n se estructura en tres niveles diferenciados para facilitar el funcionamiento de la instalaci\u00f3n y la circulaci\u00f3n de deportistas y espectadores.<br \/>\nLa planta -1, concebida como n\u00facleo deportivo, concentrar\u00e1 la actividad principal de juego y contar\u00e1 con cuatro canchas polivalentes, destinadas a la pr\u00e1ctica de f\u00fatbol sala, baloncesto, minibasket y voleibol. Tambi\u00e9n dispondr\u00e1 de cuatro vestuarios principales, dos vestuarios para \u00e1rbitros y los correspondientes cuartos t\u00e9cnicos.<br \/>\nLa planta baja, con acceso peatonal desde La Rambla de la Concepci\u00f3n, contar\u00e1 con vest\u00edbulo, recepci\u00f3n, aseos p\u00fablicos, grader\u00edo para espectadores y una zona de gimnasio con vestuarios independientes.<br \/>\nPor su parte, la primera planta incorporar\u00e1 dos salas polivalentes de grandes dimensiones destinadas a acoger actividades de car\u00e1cter sociocultural, vecinal y comunitario, ampliando as\u00ed los usos que podr\u00e1 albergar el edificio m\u00e1s all\u00e1 de la pr\u00e1ctica deportiva.<br \/>\nActuaciones para completar y recuperar la infraestructura<br \/>\nEl proyecto contempla la ejecuci\u00f3n de los trabajos pendientes para completar las fachadas, la estructura y la cubierta, as\u00ed como la instalaci\u00f3n del pavimento deportivo y de los sistemas de protecci\u00f3n necesarios para la pr\u00e1ctica de las distintas disciplinas.<br \/>\nLa actuaci\u00f3n incorpora tambi\u00e9n medidas para mejorar la eficiencia energ\u00e9tica del edificio mediante la instalaci\u00f3n de sistemas de generaci\u00f3n fotovoltaica, contribuyendo a reducir el consumo energ\u00e9tico de la instalaci\u00f3n una vez entre en funcionamiento.<br \/>\nMejora del entorno y accesibilidad<br \/>\nLa intervenci\u00f3n incluye asimismo actuaciones de reurbanizaci\u00f3n del entorno inmediato del pabell\u00f3n con el objetivo de mejorar la conexi\u00f3n del equipamiento con el barrio y garantizar unas condiciones adecuadas de accesibilidad.<br \/>\nLos trabajos contemplan la creaci\u00f3n de nuevas aceras peatonales, la incorporaci\u00f3n de espacios verdes vinculados a La Rambla de la Concepci\u00f3n y la adecuaci\u00f3n de los viales del entorno para facilitar el acceso prioritario de los veh\u00edculos de emergencia.<br \/>\nLas empresas interesadas podr\u00e1n presentar sus ofertas hasta el 21 de septiembre a las 14:00 horas a trav\u00e9s de la Plataforma de Contrataci\u00f3n del Sector P\u00fablico, en el enlace <a href=\"https:\/\/contrataciondelestado.es\/wps\/poc?uri=deeplink:detalle_licitacion&amp;idEvl=0vWWBEpi%2Bs2LAncw3qdZkA%3D%3D\" target=\"_blank\" rel=\"noopener\">https:\/\/contrataciondelestado.es\/wps\/poc?uri=deeplink:detalle_licitacion&amp;idEvl=0vWWBEpi%2Bs2LAncw3qdZkA%3D%3D<\/a>.<\/p>\n<\/div>\n","protected":false},"excerpt":{"rendered":"<p>El contrato cuenta con un presupuesto base de licitaci\u00f3n de 3,79 millones de euros y un plazo de ejecuci\u00f3n de 11 meses\u00a0El proyecto incorpora mejoras t\u00e9cnicas, una instalaci\u00f3n fotovoltaica, pavimento&hellip;<\/p>\n","protected":false},"author":1,"featured_media":5317,"comment_status":"open","ping_status":"open","sticky":false,"template":"","format":"standard","meta":{"wpai_generated_summary":"","wpai_meta_description":"","footnotes":""},"categories":[132],"tags":[],"class_list":["post-5278","post","type-post","status-publish","format-standard","has-post-thumbnail","hentry","category-ayuntamiento-de-las-palmas-de-gran-canaria"],"_links":{"self":[{"href":"https:\/\/nublo.tv\/index.php\/wp-json\/wp\/v2\/posts\/5278","targetHints":{"allow":["GET"]}}],"collection":[{"href":"https:\/\/nublo.tv\/index.php\/wp-json\/wp\/v2\/posts"}],"about":[{"href":"https:\/\/nublo.tv\/index.php\/wp-json\/wp\/v2\/types\/post"}],"author":[{"embeddable":true,"href":"https:\/\/nublo.tv\/index.php\/wp-json\/wp\/v2\/users\/1"}],"replies":[{"embeddable":true,"href":"https:\/\/nublo.tv\/index.php\/wp-json\/wp\/v2\/comments?post=5278"}],"version-history":[{"count":1,"href":"https:\/\/nublo.tv\/index.php\/wp-json\/wp\/v2\/posts\/5278\/revisions"}],"predecessor-version":[{"id":5316,"href":"https:\/\/nublo.tv\/index.php\/wp-json\/wp\/v2\/posts\/5278\/revisions\/5316"}],"wp:featuredmedia":[{"embeddable":true,"href":"https:\/\/nublo.tv\/index.php\/wp-json\/wp\/v2\/media\/5317"}],"wp:attachment":[{"href":"https:\/\/nublo.tv\/index.php\/wp-json\/wp\/v2\/media?parent=5278"}],"wp:term":[{"taxonomy":"category","embeddable":true,"href":"https:\/\/nublo.tv\/index.php\/wp-json\/wp\/v2\/categories?post=5278"},{"taxonomy":"post_tag","embeddable":true,"href":"https:\/\/nublo.tv\/index.php\/wp-json\/wp\/v2\/tags?post=5278"}],"curies":[{"name":"wp","href":"https:\/\/api.w.org\/{rel}","templated":true}]}}