{"id":5280,"date":"2026-08-25T15:15:18","date_gmt":"2026-08-25T14:15:18","guid":{"rendered":"https:\/\/nublo.tv\/?p=5280"},"modified":"2026-08-25T15:15:18","modified_gmt":"2026-08-25T14:15:18","slug":"santa-lucia-de-tirajana-recibe-a-las-ninas-saharauis-que-participan-este-verano-en-el-programa-vacaciones-en-paz","status":"publish","type":"post","link":"https:\/\/nublo.tv\/index.php\/2026\/08\/25\/santa-lucia-de-tirajana-recibe-a-las-ninas-saharauis-que-participan-este-verano-en-el-programa-vacaciones-en-paz\/","title":{"rendered":"Santa Luc\u00eda de Tirajana recibe a las ni\u00f1as saharauis que participan este verano en el programa \u2018Vacaciones en Paz\u2019"},"content":{"rendered":"<p><img loading=\"lazy\" decoding=\"async\" class=\"attachment-full size-full wp-post-image\" src=\"https:\/\/www.santaluciagc.com\/wp-content\/uploads\/2026\/08\/IMG_6725-scaled.jpg\" alt=\"\" width=\"2560\" height=\"1707\" \/><\/p>\n<p><span class=\"font-195525\">El Ayuntamiento de Santa Luc\u00eda de Tirajana recibi\u00f3 este martes a las ni\u00f1as saharauis que pasan este verano en el municipio gracias al programa <strong>\u2018Vacaciones en Paz\u2019<\/strong>, una iniciativa de solidaridad y cooperaci\u00f3n que permite que ni\u00f1os y ni\u00f1as saharauis puedan disfrutar durante los meses de verano de una estancia con familias de acogida en Canarias.<\/span><\/p>\n<p><span class=\"font-195525\">El encuentro estuvo presidido por el <strong>alcalde de Santa Luc\u00eda de Tirajana, Francisco Garc\u00eda<\/strong>, acompa\u00f1ado por el <strong>primer teniente de alcalde, Julio Ojeda<\/strong>, y la <strong>concejala de Solidaridad, Arminda Santana<\/strong>. Las menores acudieron acompa\u00f1adas por sus familias de acogida, por el delegado Saharaui para Canarias, Alisalem Sidi y por representantes de la Asociaci\u00f3n Canaria de Solidaridad con el Pueblo Saharaui.<\/span><\/p>\n<p><span class=\"font-195525\">Durante la recepci\u00f3n, los representantes municipales tuvieron la oportunidad de conocer de primera mano c\u00f3mo est\u00e1 siendo la experiencia de las ni\u00f1as durante su estancia en el municipio, as\u00ed como compartir un momento de convivencia con ellas y con las familias que, un a\u00f1o m\u00e1s, han abierto las puertas de sus hogares para acogerlas durante el verano.<\/span><\/p>\n<p><span class=\"font-195525\">El alcalde, <strong>Francisco Garc\u00eda<\/strong>, destac\u00f3 la importancia de mantener vivo el compromiso de Santa Luc\u00eda de Tirajana con el pueblo saharaui y puso en valor la labor que realizan las familias de acogida. \u201cDetr\u00e1s de este programa hay un enorme gesto de solidaridad y generosidad. Estas familias no solo acogen a unas ni\u00f1as durante el verano, sino que crean v\u00ednculos y experiencias que permanecen mucho m\u00e1s all\u00e1 de estos meses\u201d.<\/span><\/p>\n<p><span class=\"font-195525\">La concejala de Solidaridad, <strong>Arminda Santana<\/strong>, quiso agradecer especialmente la implicaci\u00f3n de las familias de acogida y de la asociaci\u00f3n que hace posible el desarrollo del programa. \u201cPara nosotros es una enorme satisfacci\u00f3n poder recibirlas en nuestro municipio. Esperamos que durante su estancia se hayan sentido como en casa, y hayan disfrutado de Santa Luc\u00eda, llev\u00e1ndose el cari\u00f1o de todas las personas que forman parte de esta iniciativa\u201d.<\/span><\/p>\n<p><span class=\"font-195525\">El Consistorio agradeci\u00f3 a las <strong>familias de acogida, a la asociaci\u00f3n y a todas las personas que colaboran con el programa \u2018Vacaciones en Paz\u2019<\/strong> su compromiso y generosidad.<\/span><\/p>\n<p><span class=\"font-195525\">Gabinete de Comunicaci\u00f3n de Santa Luc\u00eda de Tirajana martes 25 de agosto de 2026.<\/span><\/p>\n","protected":false},"excerpt":{"rendered":"<p>El Ayuntamiento de Santa Luc\u00eda de Tirajana recibi\u00f3 este martes a las ni\u00f1as saharauis que pasan este verano en el municipio gracias al programa \u2018Vacaciones en Paz\u2019, una iniciativa de&hellip;<\/p>\n","protected":false},"author":1,"featured_media":5321,"comment_status":"open","ping_status":"open","sticky":false,"template":"","format":"standard","meta":{"wpai_generated_summary":"","wpai_meta_description":"","footnotes":""},"categories":[137],"tags":[],"class_list":["post-5280","post","type-post","status-publish","format-standard","has-post-thumbnail","hentry","category-ayuntamiento-de-santa-lucia-de-tirajana"],"_links":{"self":[{"href":"https:\/\/nublo.tv\/index.php\/wp-json\/wp\/v2\/posts\/5280","targetHints":{"allow":["GET"]}}],"collection":[{"href":"https:\/\/nublo.tv\/index.php\/wp-json\/wp\/v2\/posts"}],"about":[{"href":"https:\/\/nublo.tv\/index.php\/wp-json\/wp\/v2\/types\/post"}],"author":[{"embeddable":true,"href":"https:\/\/nublo.tv\/index.php\/wp-json\/wp\/v2\/users\/1"}],"replies":[{"embeddable":true,"href":"https:\/\/nublo.tv\/index.php\/wp-json\/wp\/v2\/comments?post=5280"}],"version-history":[{"count":1,"href":"https:\/\/nublo.tv\/index.php\/wp-json\/wp\/v2\/posts\/5280\/revisions"}],"predecessor-version":[{"id":5320,"href":"https:\/\/nublo.tv\/index.php\/wp-json\/wp\/v2\/posts\/5280\/revisions\/5320"}],"wp:featuredmedia":[{"embeddable":true,"href":"https:\/\/nublo.tv\/index.php\/wp-json\/wp\/v2\/media\/5321"}],"wp:attachment":[{"href":"https:\/\/nublo.tv\/index.php\/wp-json\/wp\/v2\/media?parent=5280"}],"wp:term":[{"taxonomy":"category","embeddable":true,"href":"https:\/\/nublo.tv\/index.php\/wp-json\/wp\/v2\/categories?post=5280"},{"taxonomy":"post_tag","embeddable":true,"href":"https:\/\/nublo.tv\/index.php\/wp-json\/wp\/v2\/tags?post=5280"}],"curies":[{"name":"wp","href":"https:\/\/api.w.org\/{rel}","templated":true}]}}