{"id":5284,"date":"2026-08-25T15:15:00","date_gmt":"2026-08-25T14:15:00","guid":{"rendered":"https:\/\/nublo.tv\/?p=5284"},"modified":"2026-08-25T15:15:00","modified_gmt":"2026-08-25T14:15:00","slug":"la-vendimia-de-senorio-de-aguimes-recolecta-el-doble-de-uva-que-la-campana-anterior","status":"publish","type":"post","link":"https:\/\/nublo.tv\/index.php\/2026\/08\/25\/la-vendimia-de-senorio-de-aguimes-recolecta-el-doble-de-uva-que-la-campana-anterior\/","title":{"rendered":"La vendimia de Se\u00f1or\u00edo de Ag\u00fcimes recolecta el doble de uva que la campa\u00f1a anterior."},"content":{"rendered":"<p class=\"wp-block-paragraph\"><strong>El incremento de la producci\u00f3n y la calidad de la uva confirman la buena evoluci\u00f3n del cultivo en el municipio.<\/strong><\/p>\n<p class=\"wp-block-paragraph\">La bodega municipal Se\u00f1or\u00edo de Ag\u00fcimes, una de las m\u00e1s premiadas y reconocidas de la isla de Gran Canaria, concluy\u00f3 este martes la vendimia de 2026 con un importante incremento de la producci\u00f3n con respecto al a\u00f1o anterior. En total, los nueve viticultores del municipio que participaron en la cosecha de este a\u00f1o recolectaron unos 1.700 kilos de uva de las variedades list\u00e1n blanco, malvas\u00eda, vijariego blanco y moscatel de Alejandr\u00eda, lo que supone casi el doble que la campa\u00f1a anterior, que se hab\u00eda visto mermada por unas condiciones clim\u00e1ticas especialmente adversas.<\/p>\n<p class=\"wp-block-paragraph\">El dato es tambi\u00e9n un 30% superior al registrado en 2024 y supone regresar pr\u00e1cticamente a las cifras de producci\u00f3n de 2023, lo que confirma la buena evoluci\u00f3n del cultivo en el municipio, tras estos dos \u00faltimos a\u00f1os de escasez. Adem\u00e1s de la cantidad, seg\u00fan los primeros an\u00e1lisis realizados por los t\u00e9cnicos la uva presenta este a\u00f1o muy buena calidad, tanto en lo referente a sus caracter\u00edsticas organol\u00e9pticas como en sus par\u00e1metros de maduraci\u00f3n.<\/p>\n<p class=\"wp-block-paragraph\">Tras la anomal\u00eda de 2025, en que la cosecha se adelant\u00f3 al mes de julio debido a las elevadas temperaturas registradas durante todo el a\u00f1o, la vendimia en Ag\u00fcimes regres\u00f3 en esta campa\u00f1a a la segunda mitad del mes de agosto, una fecha m\u00e1s normal, dentro de los est\u00e1ndares habituales para las median\u00edas del Sureste de Gran Canaria. Se espera que la nueva a\u00f1ada de los vinos Se\u00f1or\u00edo de Ag\u00fcimes, que en esta ocasi\u00f3n ser\u00e1 de vino blanco semidulce, sea embotellada y quede lista para su consumo a partir del pr\u00f3ximo mes de diciembre.<\/p>\n<p class=\"wp-block-paragraph\">Desde la puesta en marcha de la bodega municipal en el a\u00f1o 2000, el proyecto de recuperaci\u00f3n del vino local impulsado por el Ayuntamiento de Ag\u00fcimes ha revitalizado el cultivo de la vid en la zona, ayudando al mantenimiento de la actividad agr\u00edcola y sirviendo de impulso para un sector, el vitivin\u00edcola, de amplia tradici\u00f3n hist\u00f3rica en el municipio. En sus 26 a\u00f1os de existencia, los vinos Se\u00f1or\u00edo de Ag\u00fcimes han recibido numerosos reconocimientos y m\u00e1s de treinta premios a nivel insular, nacional e internacional.<\/p>\n<figure class=\"wp-block-gallery has-nested-images columns-default is-cropped wp-block-gallery-1 is-layout-flex wp-block-gallery-is-layout-flex\">\n<figure class=\"wp-block-image size-large\"><img loading=\"lazy\" decoding=\"async\" class=\"wp-image-82368\" src=\"https:\/\/aguimes.es\/wp-content\/uploads\/2026\/08\/260826-Vendimia-01-1024x768.jpeg\" alt=\"\" width=\"1024\" height=\"768\" data-id=\"82368\" \/><\/figure>\n<figure class=\"wp-block-image size-large\"><img loading=\"lazy\" decoding=\"async\" class=\"wp-image-82370\" src=\"https:\/\/aguimes.es\/wp-content\/uploads\/2026\/08\/260826-Vendimia-03-1024x768.jpeg\" alt=\"\" width=\"1024\" height=\"768\" data-id=\"82370\" \/><\/figure>\n<figure class=\"wp-block-image size-large\"><img loading=\"lazy\" decoding=\"async\" class=\"wp-image-82369\" src=\"https:\/\/aguimes.es\/wp-content\/uploads\/2026\/08\/260826-Vendimia-05-1024x768.jpeg\" alt=\"\" width=\"1024\" height=\"768\" data-id=\"82369\" \/><\/figure>\n<\/figure>\n","protected":false},"excerpt":{"rendered":"<p>El incremento de la producci\u00f3n y la calidad de la uva confirman la buena evoluci\u00f3n del cultivo en el municipio. La bodega municipal Se\u00f1or\u00edo de Ag\u00fcimes, una de las m\u00e1s&hellip;<\/p>\n","protected":false},"author":1,"featured_media":5315,"comment_status":"open","ping_status":"open","sticky":false,"template":"","format":"standard","meta":{"wpai_generated_summary":"","wpai_meta_description":"","footnotes":""},"categories":[125],"tags":[],"class_list":["post-5284","post","type-post","status-publish","format-standard","has-post-thumbnail","hentry","category-ayuntamiento-de-aguimes"],"_links":{"self":[{"href":"https:\/\/nublo.tv\/index.php\/wp-json\/wp\/v2\/posts\/5284","targetHints":{"allow":["GET"]}}],"collection":[{"href":"https:\/\/nublo.tv\/index.php\/wp-json\/wp\/v2\/posts"}],"about":[{"href":"https:\/\/nublo.tv\/index.php\/wp-json\/wp\/v2\/types\/post"}],"author":[{"embeddable":true,"href":"https:\/\/nublo.tv\/index.php\/wp-json\/wp\/v2\/users\/1"}],"replies":[{"embeddable":true,"href":"https:\/\/nublo.tv\/index.php\/wp-json\/wp\/v2\/comments?post=5284"}],"version-history":[{"count":1,"href":"https:\/\/nublo.tv\/index.php\/wp-json\/wp\/v2\/posts\/5284\/revisions"}],"predecessor-version":[{"id":5314,"href":"https:\/\/nublo.tv\/index.php\/wp-json\/wp\/v2\/posts\/5284\/revisions\/5314"}],"wp:featuredmedia":[{"embeddable":true,"href":"https:\/\/nublo.tv\/index.php\/wp-json\/wp\/v2\/media\/5315"}],"wp:attachment":[{"href":"https:\/\/nublo.tv\/index.php\/wp-json\/wp\/v2\/media?parent=5284"}],"wp:term":[{"taxonomy":"category","embeddable":true,"href":"https:\/\/nublo.tv\/index.php\/wp-json\/wp\/v2\/categories?post=5284"},{"taxonomy":"post_tag","embeddable":true,"href":"https:\/\/nublo.tv\/index.php\/wp-json\/wp\/v2\/tags?post=5284"}],"curies":[{"name":"wp","href":"https:\/\/api.w.org\/{rel}","templated":true}]}}