{"id":5287,"date":"2026-08-25T15:53:36","date_gmt":"2026-08-25T14:53:36","guid":{"rendered":"https:\/\/nublo.tv\/?p=5287"},"modified":"2026-08-25T15:53:36","modified_gmt":"2026-08-25T14:53:36","slug":"las-pino-la-nueva-campana-del-cabildo-para-las-fiestas-del-pino","status":"publish","type":"post","link":"https:\/\/nublo.tv\/index.php\/2026\/08\/25\/las-pino-la-nueva-campana-del-cabildo-para-las-fiestas-del-pino\/","title":{"rendered":"\u2018Las Pino\u2019, la nueva campan\u0303a del Cabildo para las Fiestas del Pino"},"content":{"rendered":"<p dir=\"ltr\" style=\"line-height: 1.295;margin: 0px\"><span style=\"font-size: 24.999999999999996pt;font-family: Arial,sans-serif;color: #000000;background-color: transparent;font-weight: bold;font-style: normal;font-variant: normal;text-decoration: none;vertical-align: baseline;white-space: pre-wrap\">\u2018Las Pino\u2019, la nueva campa\u00f1a del Cabildo para las Fiestas del Pino<\/span><\/p>\n<p dir=\"ltr\" style=\"line-height: 1.295;margin: 0px\"><span style=\"font-size: 16pt;font-family: Arial,sans-serif;color: #000000;background-color: transparent;font-weight: 400;font-style: normal;font-variant: normal;text-decoration: none;vertical-align: baseline;white-space: pre-wrap\">La iniciativa rinde homenaje a toda una generaci\u00f3n de mujeres grancanarias y reivindica las Fiestas del Pino como una expresi\u00f3n colectiva de pertenencia e identidad insular<\/span><\/p>\n<p dir=\"ltr\" style=\"line-height: 1.295;text-align: justify;margin: 0px\"><span style=\"font-size: 12pt;font-family: Arial,sans-serif;color: #000000;background-color: transparent;font-weight: bold;font-style: normal;font-variant: normal;text-decoration: none;vertical-align: baseline;white-space: pre-wrap\">Gran Canaria, 25 de agosto de 2026.<\/span><span style=\"font-size: 12pt;font-family: Arial,sans-serif;color: #000000;background-color: transparent;font-weight: 400;font-style: normal;font-variant: normal;text-decoration: none;vertical-align: baseline;white-space: pre-wrap\">&#8211; El Cabildo de Gran Canaria presenta \u2018Las Pino\u2019, su nueva campa\u00f1a con motivo de las Fiestas del Pino, una propuesta que pone el foco en el valor emocional, social e identitario de una celebraci\u00f3n que forma parte de la memoria colectiva de la isla.<\/span><\/p>\n<p dir=\"ltr\" style=\"line-height: 1.295;text-align: justify;margin: 0px\"><span style=\"font-size: 12pt;font-family: Arial,sans-serif;color: #000000;background-color: transparent;font-weight: 400;font-style: normal;font-variant: normal;text-decoration: none;vertical-align: baseline;white-space: pre-wrap\">La iniciativa busca proyectar las Fiestas del Pino m\u00e1s all\u00e1 de su dimensi\u00f3n festiva y religiosa para reivindicarlas como un punto de encuentro entre generaciones y como una de las grandes expresiones del sentimiento de pertenencia de los grancanarios y grancanarias.<\/span><\/p>\n<p dir=\"ltr\" style=\"line-height: 1.295;text-align: justify;margin: 0px\"><span style=\"font-size: 12pt;font-family: Arial,sans-serif;color: #000000;background-color: transparent;font-weight: 400;font-style: normal;font-variant: normal;text-decoration: none;vertical-align: baseline;white-space: pre-wrap\">Bajo el concepto \u2018Las Pino\u2019, la campa\u00f1a convierte uno de los nombres tradicionalmente m\u00e1s vinculados a Gran Canaria en un personaje colectivo que representa a toda una generaci\u00f3n de mujeres: madres, t\u00edas y abuelas que fueron el pilar de muchas familias y sostuvieron buena parte de la vida cotidiana de los barrios y pueblos de la isla durante el siglo XX.<\/span><\/p>\n<p dir=\"ltr\" style=\"line-height: 1.295;text-align: justify;margin: 0px\"><span style=\"font-size: 12pt;font-family: Arial,sans-serif;color: #000000;background-color: transparent;font-weight: bold;font-style: normal;font-variant: normal;text-decoration: none;vertical-align: baseline;white-space: pre-wrap\">Un nombre propio que habla de toda una generaci\u00f3n<\/span><\/p>\n<p dir=\"ltr\" style=\"line-height: 1.295;text-align: justify;margin: 0px\"><span style=\"font-size: 12pt;font-family: Arial,sans-serif;color: #000000;background-color: transparent;font-weight: 400;font-style: normal;font-variant: normal;text-decoration: none;vertical-align: baseline;white-space: pre-wrap\">\u2018Las Pino\u2019 trasciende as\u00ed el nombre propio para convertirse en un arquetipo femenino profundamente grancanario, reconocible en miles de familias de la isla. Una figura que remite, desde la identidad canaria, a referentes culturales como la <\/span><span style=\"font-size: 12pt;font-family: Arial,sans-serif;color: #000000;background-color: transparent;font-weight: 400;font-style: italic;font-variant: normal;text-decoration: none;vertical-align: baseline;white-space: pre-wrap\">mamma <\/span><span style=\"font-size: 12pt;font-family: Arial,sans-serif;color: #000000;background-color: transparent;font-weight: 400;font-style: normal;font-variant: normal;text-decoration: none;vertical-align: baseline;white-space: pre-wrap\">italiana o la abuela gallega. mujeres fuertes, cercanas y esenciales, cuya aportaci\u00f3n muchas veces se produjo lejos de los grandes focos, pero result\u00f3 determinante para las generaciones que llegaron despu\u00e9s.<\/span><\/p>\n<p dir=\"ltr\" style=\"line-height: 1.295;text-align: justify;margin: 0px\"><span style=\"font-size: 12pt;font-family: Arial,sans-serif;color: #000000;background-color: transparent;font-weight: 400;font-style: normal;font-variant: normal;text-decoration: none;vertical-align: baseline;white-space: pre-wrap\">El punto de partida de la campa\u00f1a se apoya adem\u00e1s en una realidad demogr\u00e1fica. Los datos del Instituto Nacional de Estad\u00edstica reflejan el progresivo envejecimiento del nombre Pino, con una edad media superior a los 60 a\u00f1os entre las mujeres que lo llevan.<\/span><\/p>\n<p dir=\"ltr\" style=\"line-height: 1.295;text-align: justify;margin: 0px\"><span style=\"font-size: 12pt;font-family: Arial,sans-serif;color: #000000;background-color: transparent;font-weight: 400;font-style: normal;font-variant: normal;text-decoration: none;vertical-align: baseline;white-space: pre-wrap\">Una suerte de extinci\u00f3n estad\u00edstica que la campa\u00f1a transforma en una oportunidad para detenerse, mirar atr\u00e1s y rendir homenaje a quienes hicieron su propio camino para abrir el de todos los dem\u00e1s.<\/span><\/p>\n<p dir=\"ltr\" style=\"line-height: 1.295;text-align: justify;margin: 0px\"><span style=\"font-size: 12pt;font-family: Arial,sans-serif;color: #000000;background-color: transparent;font-weight: bold;font-style: normal;font-variant: normal;text-decoration: none;vertical-align: baseline;white-space: pre-wrap\">Dos caminos que se encuentran<\/span><\/p>\n<p dir=\"ltr\" style=\"line-height: 1.295;text-align: justify;margin: 0px\"><span style=\"font-size: 12pt;font-family: Arial,sans-serif;color: #000000;background-color: transparent;font-weight: 400;font-style: normal;font-variant: normal;text-decoration: none;vertical-align: baseline;white-space: pre-wrap\">La pieza central de la campa\u00f1a establece un paralelismo visual y po\u00e9tico entre dos formas de hacer camino.<\/span><\/p>\n<p dir=\"ltr\" style=\"line-height: 1.295;text-align: justify;margin: 0px\"><span style=\"font-size: 12pt;font-family: Arial,sans-serif;color: #000000;background-color: transparent;font-weight: 400;font-style: normal;font-variant: normal;text-decoration: none;vertical-align: baseline;white-space: pre-wrap\">Por un lado, el camino f\u00edsico e hist\u00f3rico ligado al D\u00eda del Pino; la peregrinaci\u00f3n, la subida hacia Teror, el encuentro y una tradici\u00f3n transmitida de generaci\u00f3n en generaci\u00f3n.<\/span><\/p>\n<p dir=\"ltr\" style=\"line-height: 1.295;text-align: justify;margin: 0px\"><span style=\"font-size: 12pt;font-family: Arial,sans-serif;color: #000000;background-color: transparent;font-weight: 400;font-style: normal;font-variant: normal;text-decoration: none;vertical-align: baseline;white-space: pre-wrap\">Por otro, el camino vital de esas mujeres que, desde sus casas, sus trabajos, sus familias y sus barrios, fueron avanzando, tomando decisiones y rompiendo moldes en una \u00e9poca en la que hacerlo no siempre era f\u00e1cil.<\/span><\/p>\n<p dir=\"ltr\" style=\"line-height: 1.295;text-align: justify;margin: 0px\"><span style=\"font-size: 12pt;font-family: Arial,sans-serif;color: #000000;background-color: transparent;font-weight: 400;font-style: normal;font-variant: normal;text-decoration: none;vertical-align: baseline;white-space: pre-wrap\">Ambos caminos confluyen en una pieza de car\u00e1cter documental y emotivo que recorre algunos de los escenarios m\u00e1s reconocibles y aut\u00e9nticos de los barrios de Gran Canaria y convierte sus historias en protagonistas.<\/span><\/p>\n<p dir=\"ltr\" style=\"line-height: 1.295;text-align: justify;margin: 0px\"><span style=\"font-size: 12pt;font-family: Arial,sans-serif;color: #000000;background-color: transparent;font-weight: 400;font-style: normal;font-variant: normal;text-decoration: none;vertical-align: baseline;white-space: pre-wrap\">\u2018Las Pino\u2019 habla as\u00ed de mujeres concretas, pero tambi\u00e9n de una memoria compartida,\u00a0 la de quienes caminaron antes para que las siguientes generaciones pudieran llegar m\u00e1s lejos.<\/span><\/p>\n<p dir=\"ltr\" style=\"line-height: 1.295;text-align: justify;margin: 0px\"><span style=\"font-size: 12pt;font-family: Arial,sans-serif;color: #000000;background-color: transparent;font-weight: bold;font-style: normal;font-variant: normal;text-decoration: none;vertical-align: baseline;white-space: pre-wrap\">La Isla de Mi Vida<\/span><\/p>\n<p dir=\"ltr\" style=\"line-height: 1.295;text-align: justify;margin: 0px\"><span style=\"font-size: 12pt;font-family: Arial,sans-serif;color: #000000;background-color: transparent;font-weight: 400;font-style: normal;font-variant: normal;text-decoration: none;vertical-align: baseline;white-space: pre-wrap\">La campa\u00f1a se integra en el territorio emocional de \u2018La Isla de Mi Vida\u2019, la l\u00ednea de comunicaci\u00f3n con la que el Cabildo de Gran Canaria viene poniendo en valor los v\u00ednculos, recuerdos, costumbres y experiencias que construyen la relaci\u00f3n de los habitantes de la isla con su territorio.<\/span><\/p>\n<p dir=\"ltr\" style=\"line-height: 1.295;text-align: justify;margin: 0px\"><span style=\"font-size: 12pt;font-family: Arial,sans-serif;color: #000000;background-color: transparent;font-weight: 400;font-style: normal;font-variant: normal;text-decoration: none;vertical-align: baseline;white-space: pre-wrap\">Tras la repercusi\u00f3n alcanzada por la campa\u00f1a \u2018Ustedes\u2019, \u2018Las Pino\u2019 vuelve a partir de un elemento cotidiano y profundamente reconocible para construir un relato colectivo en torno a la identidad grancanaria.<\/span><\/p>\n<p dir=\"ltr\" style=\"line-height: 1.295;text-align: justify;margin: 0px\"><span style=\"font-size: 12pt;font-family: Arial,sans-serif;color: #000000;background-color: transparent;font-weight: 400;font-style: normal;font-variant: normal;text-decoration: none;vertical-align: baseline;white-space: pre-wrap\">En esta ocasi\u00f3n, las Fiestas del Pino sirven como escenario para recordar que una isla no se construye \u00fanicamente a trav\u00e9s de sus lugares o sus grandes acontecimientos, sino tambi\u00e9n a trav\u00e9s de las personas que la han recorrido, cuidado y sostenido generaci\u00f3n tras generaci\u00f3n.<\/span><\/p>\n<p dir=\"ltr\" style=\"line-height: 1.295;text-align: justify;margin: 0px\"><span style=\"font-size: 12pt;font-family: Arial,sans-serif;color: #000000;background-color: transparent;font-weight: 400;font-style: normal;font-variant: normal;text-decoration: none;vertical-align: baseline;white-space: pre-wrap\"><br \/>\n<span style=\"font-family: Arial, sans-serif\">La campa\u00f1a &#8216;Las Pino&#8217; ya puede verse en los perfiles oficiales del Cabildo de Gran Canaria en redes sociales, donde se ha estrenado la pieza audiovisual que articula este homenaje a toda una generaci\u00f3n de mujeres de la isla y a los caminos que abrieron para quienes vinieron despu\u00e9s.<\/span><br \/>\n<\/span><\/p>\n<p dir=\"ltr\" style=\"line-height: 1.295;text-align: justify;margin: 0px\"><span style=\"font-size: 12pt;font-family: Arial,sans-serif;color: #000000;background-color: transparent;font-weight: 400;font-style: normal;font-variant: normal;text-decoration: none;vertical-align: baseline;white-space: pre-wrap\">Porque antes de nuestros caminos estuvieron los suyos.<\/span><\/p>\n<p dir=\"ltr\" style=\"line-height: 1.295;text-align: justify;margin: 0px\"><span style=\"font-size: 12pt;font-family: Arial,sans-serif;color: #000000;background-color: transparent;font-weight: 400;font-style: normal;font-variant: normal;text-decoration: none;vertical-align: baseline;white-space: pre-wrap\">Y muchas de ellas se llamaban Pino.<\/span><\/p>\n<p dir=\"ltr\">Palabras del presidente, Antonio Morales.<\/p>\n<figure class=\"nublo-custom-player-media\"><img decoding=\"async\" style=\"max-width: 100%;height: auto\" src=\"http:\/\/nublo.tv\/wp-content\/uploads\/2026\/08\/images.jpeg\" alt=\"\" \/><audio style=\"width: 100%;display: block;margin-top: 8px\" src=\"http:\/\/nublo.tv\/wp-content\/uploads\/2026\/08\/antonio-morales.mp3\" controls=\"controls\"><\/audio><\/figure>\n<p>&nbsp;<\/p>\n<p>&nbsp;<\/p>\n","protected":false},"excerpt":{"rendered":"<p>Buenos d\u00edas compa\u00f1eros\/as.\u2018Las Pino\u2019, la nueva campa\u00f1a del Cabildo para las Fiestas del PinoLa iniciativa rinde homenaje a toda una generaci\u00f3n de mujeres grancanarias y reivindica las Fiestas del Pino&hellip;<\/p>\n","protected":false},"author":1,"featured_media":0,"comment_status":"open","ping_status":"open","sticky":false,"template":"","format":"standard","meta":{"wpai_generated_summary":"","wpai_meta_description":"","footnotes":""},"categories":[148],"tags":[],"class_list":["post-5287","post","type-post","status-publish","format-standard","hentry","category-cabildo-de-gran-canaria"],"_links":{"self":[{"href":"https:\/\/nublo.tv\/index.php\/wp-json\/wp\/v2\/posts\/5287","targetHints":{"allow":["GET"]}}],"collection":[{"href":"https:\/\/nublo.tv\/index.php\/wp-json\/wp\/v2\/posts"}],"about":[{"href":"https:\/\/nublo.tv\/index.php\/wp-json\/wp\/v2\/types\/post"}],"author":[{"embeddable":true,"href":"https:\/\/nublo.tv\/index.php\/wp-json\/wp\/v2\/users\/1"}],"replies":[{"embeddable":true,"href":"https:\/\/nublo.tv\/index.php\/wp-json\/wp\/v2\/comments?post=5287"}],"version-history":[{"count":3,"href":"https:\/\/nublo.tv\/index.php\/wp-json\/wp\/v2\/posts\/5287\/revisions"}],"predecessor-version":[{"id":5327,"href":"https:\/\/nublo.tv\/index.php\/wp-json\/wp\/v2\/posts\/5287\/revisions\/5327"}],"wp:attachment":[{"href":"https:\/\/nublo.tv\/index.php\/wp-json\/wp\/v2\/media?parent=5287"}],"wp:term":[{"taxonomy":"category","embeddable":true,"href":"https:\/\/nublo.tv\/index.php\/wp-json\/wp\/v2\/categories?post=5287"},{"taxonomy":"post_tag","embeddable":true,"href":"https:\/\/nublo.tv\/index.php\/wp-json\/wp\/v2\/tags?post=5287"}],"curies":[{"name":"wp","href":"https:\/\/api.w.org\/{rel}","templated":true}]}}