{"id":5288,"date":"2026-08-25T15:53:44","date_gmt":"2026-08-25T14:53:44","guid":{"rendered":"https:\/\/nublo.tv\/?p=5288"},"modified":"2026-08-25T15:53:44","modified_gmt":"2026-08-25T14:53:44","slug":"el-cabildo-de-gran-canaria-invita-a-mirar-hacia-arriba-y-descubrir-historias-poco-conocidas-de-triana-y-vegueta-en-un-recorrido-virtual","status":"publish","type":"post","link":"https:\/\/nublo.tv\/index.php\/2026\/08\/25\/el-cabildo-de-gran-canaria-invita-a-mirar-hacia-arriba-y-descubrir-historias-poco-conocidas-de-triana-y-vegueta-en-un-recorrido-virtual\/","title":{"rendered":"El Cabildo de Gran Canaria invita a mirar hacia arriba y descubrir historias poco conocidas de Triana y Vegueta en un recorrido virtual"},"content":{"rendered":"<p>&nbsp;<\/p>\n<p>El Cabildo de Gran Canaria invita a mirar hacia arriba y descubrir historias poco conocidas de Triana y Vegueta en un recorrido virtual<\/p>\n<p>\u2018Mira hacia arriba\u2019 ofrece otra perspectiva de elementos de fachadas y cornisas que hablan de dos barrios de intercambio y convivencia<\/p>\n<p>La propuesta a la poblaci\u00f3n es detenerse en \u201cuna ciudad vertical\u201d llena de curiosidades que a menudo pasan desapercibidas<\/p>\n<p>Gran Canaria, 24 de agosto de 2026 \u2013 El Servicio de Patrimonio Hist\u00f3rico del Cabildo de Gran Canaria invita a poblaci\u00f3n a ver con otros ojos los valores hist\u00f3ricos que atesora el casco hist\u00f3rico de la capital insular con la propuesta \u2018Mira hacia arriba\u2019, un recorrido virtual por el patrimonio cultural de los barrios de Triana y Vegueta que est\u00e1 disponible desde las 18.00 horas de este lunes 24 de agosto en el enlace https:\/\/youtu.be\/UPB9RljJRlw<\/p>\n<p>La iniciativa forma parte del Programa de Visitas Guiadas del Servicio de Patrimonio Hist\u00f3rico del Cabildo de Gran Canaria, adscrito al \u00c1rea de Presidencia y Movilidad Sostenible, coordinada por Teodoro Sosa, y cuyas actividades y pr\u00f3ximas propuestas pueden consultarse en visitaspatrimonio.grancanaria.com.<\/p>\n<p>Las\u00a0 visitas presenciales \u2018Mira hacia arriba\u2019 se realizaron, con gran acogida\u00a0 por parte de la ciudadan\u00eda, en el pasado mes de abril, con un total de 10 pases en horario de ma\u00f1ana y tarde y 300 participantes contando con dos\u00a0 pases\u00a0 adicionales en la modalidad \u2018En Familia\u2019, en el mes de mayo. Quienes no tuvieron la ocasi\u00f3n de asistir en aquel momento, tienen ahora la ocasi\u00f3n de conocer en mayor profundidad el patrimonio de Triana y Vegueta sin salir de casa o c\u00f3modamente desde cualquier lugar.<\/p>\n<p>La visita virtual parte de la base de que hay ciudades que se recorren caminando. Y hay ciudades que, para descubrirlas de verdad, nos invitan a levantar la mirada. Cuando se pasea por Triana y Vegueta se suele mirar hacia delante: las calles, las plazas, los escaparates, las fachadas que tenemos a la altura de los ojos. Pero, sobre nuestras cabezas, existe otra ciudad. Una ciudad vertical, llena de historias que a menudo pasan desapercibidas.<\/p>\n<p>En balcones y galer\u00edas se encuentran las huellas de la vida cotidiana de otras \u00e9pocas. En escudos y her\u00e1ldicas, la representaci\u00f3n del poder y de las familias que dejaron su impronta en la ciudad. En esculturas y elementos ornamentales, s\u00edmbolos y relatos que todav\u00eda hoy podemos interpretar. Y en estructuras de hierro, cornisas, remates y soluciones constructivas, queda revelado c\u00f3mo la arquitectura fue incorporando los avances t\u00e9cnicos y las nuevas formas de entender la modernidad.<\/p>\n<p>A trav\u00e9s de sus edificios es posible seguir tambi\u00e9n las huellas de quienes llegaron a Las Palmas de Gran Canaria y participaron en su transformaci\u00f3n: empresarios y comerciantes brit\u00e1nicos, comerciantes de origen hind\u00fa, relojeros alemanes y muchas otras personas que hicieron de la ciudad un espacio de intercambio y convivencia.<\/p>\n<p>Sus historias permanecen en los detalles: en una fachada, en un r\u00f3tulo, en un ornamento, en una estructura de hierro, en una figura esculpida o en un s\u00edmbolo que quiz\u00e1s se ha transitado cientos de veces sin detenernos a observar. Esta visita virtual es, en definitiva, una invitaci\u00f3n a mirar de otra manera. \u201cPorque lo que no se mira, dif\u00edcilmente se conoce. Y lo que no se conoce, dif\u00edcilmente se valora\u201d, se recalca desde el Servicio de Patrimonio Hist\u00f3rico del Cabildo de Gran Canaria.<\/p>\n","protected":false},"excerpt":{"rendered":"<p>&lt;!&#8211; \/* Font Definitions *\/ @font-face {font-family:SimSun; panose-1:2 1 6 0 3 1 1 1 1 1; mso-font-alt:&#23435;&#20307;; mso-font-charset:134; mso-generic-font-family:auto; mso-font-pitch:variable; mso-font-signature:515 680460288 22 0 262145 0;} @font-face {font-family:&quot;Cambria Math&quot;;&hellip;<\/p>\n","protected":false},"author":1,"featured_media":5289,"comment_status":"open","ping_status":"open","sticky":false,"template":"","format":"standard","meta":{"wpai_generated_summary":"","wpai_meta_description":"","footnotes":""},"categories":[148],"tags":[],"class_list":["post-5288","post","type-post","status-publish","format-standard","has-post-thumbnail","hentry","category-cabildo-de-gran-canaria"],"_links":{"self":[{"href":"https:\/\/nublo.tv\/index.php\/wp-json\/wp\/v2\/posts\/5288","targetHints":{"allow":["GET"]}}],"collection":[{"href":"https:\/\/nublo.tv\/index.php\/wp-json\/wp\/v2\/posts"}],"about":[{"href":"https:\/\/nublo.tv\/index.php\/wp-json\/wp\/v2\/types\/post"}],"author":[{"embeddable":true,"href":"https:\/\/nublo.tv\/index.php\/wp-json\/wp\/v2\/users\/1"}],"replies":[{"embeddable":true,"href":"https:\/\/nublo.tv\/index.php\/wp-json\/wp\/v2\/comments?post=5288"}],"version-history":[{"count":2,"href":"https:\/\/nublo.tv\/index.php\/wp-json\/wp\/v2\/posts\/5288\/revisions"}],"predecessor-version":[{"id":5328,"href":"https:\/\/nublo.tv\/index.php\/wp-json\/wp\/v2\/posts\/5288\/revisions\/5328"}],"wp:featuredmedia":[{"embeddable":true,"href":"https:\/\/nublo.tv\/index.php\/wp-json\/wp\/v2\/media\/5289"}],"wp:attachment":[{"href":"https:\/\/nublo.tv\/index.php\/wp-json\/wp\/v2\/media?parent=5288"}],"wp:term":[{"taxonomy":"category","embeddable":true,"href":"https:\/\/nublo.tv\/index.php\/wp-json\/wp\/v2\/categories?post=5288"},{"taxonomy":"post_tag","embeddable":true,"href":"https:\/\/nublo.tv\/index.php\/wp-json\/wp\/v2\/tags?post=5288"}],"curies":[{"name":"wp","href":"https:\/\/api.w.org\/{rel}","templated":true}]}}