{"id":5290,"date":"2026-08-25T15:53:47","date_gmt":"2026-08-25T14:53:47","guid":{"rendered":"https:\/\/nublo.tv\/?p=5290"},"modified":"2026-08-25T15:53:47","modified_gmt":"2026-08-25T14:53:47","slug":"articulo-de-opinion-del-presidente-del-cabildo-y-audio-marruecos-y-sus-cartas-marcadas","status":"publish","type":"post","link":"https:\/\/nublo.tv\/index.php\/2026\/08\/25\/articulo-de-opinion-del-presidente-del-cabildo-y-audio-marruecos-y-sus-cartas-marcadas\/","title":{"rendered":"ARTI\u0301CULO DE OPINIO\u0301N DEL PRESIDENTE DEL CABILDO y AUDIO Marruecos y sus cartas marcadas"},"content":{"rendered":"<p>MARRUECOS Y SUS CARTAS MARCADAS<\/p>\n<p>&nbsp;<\/p>\n<p>La semana pasada advert\u00eda en este medio del peligro que supone para Canarias el envalentonamiento de Marruecos alimentado por los Acuerdos de Abraham entre Estados Unidos, Israel y el reino alauita. Dec\u00eda entonces que ese pacto esconde un cambio en el tablero geoestrat\u00e9gico de consecuencias relevantes. Hoy quiero profundizar en ello, porque estamos ante un hecho que compromete la seguridad de Canarias, de Espa\u00f1a y de Europa entera.<\/p>\n<p>Los Acuerdos de Abraham no fueron nunca un simple documento de buena vecindad. Fueron la pieza con la que Washington compr\u00f3 el reconocimiento marroqu\u00ed de Israel a cambio de reconocer la soberan\u00eda de Rabat sobre el S\u00e1hara Occidental, territorio pendiente a\u00fan de descolonizaci\u00f3n seg\u00fan la legalidad internacional. Ese canje, sellado bajo la primera Administraci\u00f3n Trump y mantenido despu\u00e9s, ha dado a Marruecos un respaldo pol\u00edtico y militar que antes no ten\u00eda, en la regi\u00f3n donde Canarias es frontera sur de Europa. No hablamos de un problema lejano, sino de nuestra vecindad inmediata.<\/p>\n<p>&nbsp;<\/p>\n<p>El avance de la ultraderecha en Europa y en Estados Unidos no es un fen\u00f3meno paralelo a esta alianza: es su combustible. Trump ha convertido su relaci\u00f3n con Israel y, por extensi\u00f3n, con Marruecos, en un instrumento de presi\u00f3n sobre la propia Uni\u00f3n Europea, a la que acusa de rival comercial e ideol\u00f3gico. Esa complicidad entre Washington y Tel Aviv, con Rabat como socio, dibuja un nuevo mapa de alianzas que debilita la posici\u00f3n negociadora de Europa justo cuando su frontera sur, que es la nuestra, se ha convertido en elemento de ajuste de la pol\u00edtica exterior marroqu\u00ed.<\/p>\n<p>&nbsp;<\/p>\n<p>Porque de eso se trata. Marruecos ha aprendido que puede usar la presi\u00f3n migratoria como arma de negociaci\u00f3n. Lo hemos visto en Ceuta, en Melilla y en Canarias en distintas ocasiones. Cuando le conviene, flexibiliza el control de su frontera para que la atraviesen miles de personas, con la connivencia expl\u00edcita de sus autoridades. No es nunca un fallo de control fronterizo: es una demostraci\u00f3n de fuerza, un mensaje a Madrid y a Bruselas: \u201ctenemos la llave de tu frontera y la usaremos cuando nos convenga\u201d. Ese mensaje se ha repetido en los \u00faltimos d\u00edas, con nuevas entradas que no responden a la casualidad sino a una presi\u00f3n calculada.<\/p>\n<p>&nbsp;<\/p>\n<p>Marruecos no es un socio de fiar. Es un pa\u00eds con el que Europa mantiene relaciones necesarias, incluso imprescindibles en seguridad y comercio, pero que juega sistem\u00e1ticamente con cartas marcadas: utiliza la cooperaci\u00f3n cuando le beneficia y la desactiva cuando quiere obtener concesiones. Ha convertido la gesti\u00f3n de los flujos migratorios en herramienta de pol\u00edtica exterior, y eso, con un reforzamiento militar y diplom\u00e1tico sin precedentes gracias a su alianza con Israel y Estados Unidos, es realmente peligroso.<\/p>\n<p>&nbsp;<\/p>\n<p>Hay una dimensi\u00f3n m\u00e1s que no podemos pasar por alto: esta alianza no solo debilita la posici\u00f3n exterior de Europa, sino que sirve de combustible para torpedear desde dentro a las propias democracias liberales europeas. La conexi\u00f3n ideol\u00f3gica entre el trumpismo, el gobierno de Netanyahu y determinados sectores que ven en Marruecos un socio af\u00edn, no es casual: forma parte de una misma corriente que financia, legitima y amplifica a las fuerzas de ultraderecha en el continente. Hablamos de formaciones que gobiernan, como en Italia con Meloni, que rozan el poder en Francia con Le Pen, que crecen sin freno en Alemania con Alternativa para Alemania, y que amenazan con romper el consenso democr\u00e1tico en Pa\u00edses Bajos, Austria o el Este. Cada avance de esta alianza env\u00eda una se\u00f1al de legitimaci\u00f3n a estas fuerzas: su modelo autoritario y hostil a la construcci\u00f3n europea tiene el respaldo t\u00e1cito de la primera potencia mundial y de sus aliados regionales. Europa no solo enfrenta presi\u00f3n externa en su frontera sur; enfrenta tambi\u00e9n una erosi\u00f3n interna de sus valores democr\u00e1ticos alimentada, en buena medida, desde el mismo eje que sostiene a Marruecos. No se puede combatir el envalentonamiento marroqu\u00ed sin combatir tambi\u00e9n la ofensiva ideol\u00f3gica que lo ampara.<\/p>\n<p>&nbsp;<\/p>\n<p>Para Europa, el problema es m\u00e1s profundo, porque no se trata solo de Marruecos, sino, como ya se\u00f1al\u00e9, del cambio de paradigma. La alianza entre una Administraci\u00f3n estadounidense que ve a la Uni\u00f3n Europea como rival, un Gobierno israel\u00ed que necesita apoyos regionales, y un Marruecos que capitaliza ambas cosas para reforzar su peso en el norte de \u00c1frica, configura un escenario en el que el Viejo Continente pierde margen de maniobra en su propio flanco sur. Y esto ocurre justo cuando la Uni\u00f3n vive el ascenso de fuerzas de ultraderecha que fragmentan a\u00fan m\u00e1s su capacidad de hablar con una sola voz.<\/p>\n<p>&nbsp;<\/p>\n<p>&nbsp;<\/p>\n<p>\u00bfPor qu\u00e9 es esto peligroso espec\u00edficamente para Canarias? Porque somos, junto con Ceuta y Melilla, el punto donde este pulso geoestrat\u00e9gico se traduce en hechos concretos: en cayucos, en llegadas masivas, en presi\u00f3n sobre nuestros recursos sociales y en un desgaste institucional que golpea a ayuntamientos, cabildos y a la Comunidad Aut\u00f3noma, que somos quienes damos la primera respuesta humanitaria mientras el Estado y Europa deciden si esto es un problema espa\u00f1ol o europeo. Llevamos a\u00f1os reclamando que la gesti\u00f3n migratoria en Canarias es cuesti\u00f3n de Estado y de la Uni\u00f3n Europea. Lo que est\u00e1 pasando confirma, con gravedad a\u00f1adida, que tambi\u00e9n es una cuesti\u00f3n de seguridad continental.<\/p>\n<p>&nbsp;<\/p>\n<p>Espa\u00f1a no puede permitirse una pol\u00edtica exterior ingenua con Marruecos. El giro del Gobierno espa\u00f1ol al reconocer la posici\u00f3n marroqu\u00ed sobre el S\u00e1hara Occidental, buscando estabilizar la relaci\u00f3n bilateral, no ha tra\u00eddo la estabilidad prometida. Al contrario: ha alimentado la percepci\u00f3n de que Espa\u00f1a cede cuando se le presiona. Y un socio que percibe que cediendo obtiene resultados, seguir\u00e1 presionando.<\/p>\n<p>&nbsp;<\/p>\n<p>Espa\u00f1a debe reforzar su capacidad diplom\u00e1tica aut\u00f3noma, sin depender exclusivamente del margen que le deje Washington, con instrumentos claros, previsibles y verificables frente a Marruecos, no solo gestos de buena voluntad. Canarias necesita que se refuerce, de manera estructural, la financiaci\u00f3n de la acogida humanitaria, la vigilancia mar\u00edtima y a\u00e9rea y la cooperaci\u00f3n con los pa\u00edses de origen -generando v\u00edas legales y seguras para la migraci\u00f3n- porque no podemos seguir gestionando una cuesti\u00f3n de seguridad europea con recursos insulares.<\/p>\n<p>&nbsp;<\/p>\n<p>Canarias conoce desde hace a\u00f1os las consecuencias de la utilizaci\u00f3n de las rutas migratorias por las redes criminales, pero tambi\u00e9n sabe que los flujos est\u00e1n condicionados por la situaci\u00f3n pol\u00edtica y econ\u00f3mica de los pa\u00edses de origen y tr\u00e1nsito. Por eso Europa debe evitar el error de considerar que la pol\u00edtica migratoria puede descansar indefinidamente sobre la externalizaci\u00f3n del control fronterizo a terceros pa\u00edses. Cuando Europa delega su seguridad migratoria en un Estado vecino, ese Estado adquiere una capacidad de influencia extraordinaria. La cooperaci\u00f3n puede ser necesaria, pero la dependencia tiene un precio pol\u00edtico.<\/p>\n<p>&nbsp;<\/p>\n<p>Hay quienes prefieren mirar hacia otro lado, quienes creen que hablar con claridad de la fiabilidad de Marruecos complica innecesariamente una relaci\u00f3n ya delicada. Yo discrepo profundamente. El silencio y la prudencia excesiva no han evitado ni una sola crisis migratoria; al contrario, han enviado la se\u00f1al de que Espa\u00f1a y Europa est\u00e1n dispuestas a tragar con cualquier presi\u00f3n con tal de no incomodar a Rabat. Tampoco han impedido las reivindicaciones marroqu\u00edes sobre Ceuta y Melilla, sobre nuestras aguas jurisdiccionales, el Monte Tropic o el control de la seguridad a\u00e9rea del S\u00e1hara Occidental, ni las construcciones ilegales en los territorios saharauis ocupados que compiten con las de nuestro archipi\u00e9lago.<\/p>\n<p>&nbsp;<\/p>\n<p>Decir las cosas claras no es un acto de hostilidad hacia Marruecos ni hacia su pueblo, con el que Canarias mantiene lazos hist\u00f3ricos, comerciales y humanos que valoramos y queremos preservar. Es, simplemente, un ejercicio de responsabilidad institucional: no se puede construir una relaci\u00f3n bilateral s\u00f3lida sobre la ambig\u00fcedad calculada de una de las partes. Una relaci\u00f3n de vecindad madura exige reciprocidad, previsibilidad y respeto a los compromisos adquiridos, y eso es precisamente lo que hoy est\u00e1 fallando. Repito: la cooperaci\u00f3n es imprescindible; la dependencia, no.<\/p>\n<p>&nbsp;<\/p>\n<p>Como presidente del Cabildo de Gran Canaria seguir\u00e9 insistiendo ante el Gobierno de Espa\u00f1a y ante las instituciones europeas en que lo que ocurre aqu\u00ed al lado no es un episodio aislado, sino la manifestaci\u00f3n m\u00e1s visible de una recomposici\u00f3n de alianzas internacionales que tiene a Marruecos como beneficiario y a Canarias como frontera expuesta. No podemos permitirnos la ingenuidad de creer que esto se resuelve con gestos puntuales. Requiere una estrategia sostenida, europea, y con Canarias en el centro de la decisi\u00f3n, no en el margen de ella. Marruecos jugar\u00e1 las cartas que le dejemos jugar. Depende de nosotros, de Espa\u00f1a y de Europa, que esas cartas dejen de estar marcadas.<\/p>\n<p>&nbsp;<\/p>\n<p>&nbsp;<\/p>\n<p>Antonio Morales M\u00e9ndez<\/p>\n<p>Presidente del Cabildo de Gran Canaria<\/p>\n","protected":false},"excerpt":{"rendered":"<p>MARRUECOS Y SUS CARTAS MARCADAS &nbsp; La semana pasada advert\u00eda en este medio del peligro que supone para Canarias el envalentonamiento de Marruecos alimentado por los Acuerdos de Abraham entre&hellip;<\/p>\n","protected":false},"author":1,"featured_media":5177,"comment_status":"open","ping_status":"open","sticky":false,"template":"","format":"standard","meta":{"wpai_generated_summary":"","wpai_meta_description":"","footnotes":""},"categories":[178],"tags":[],"class_list":["post-5290","post","type-post","status-publish","format-standard","has-post-thumbnail","hentry","category-antonio-morales-mendez"],"_links":{"self":[{"href":"https:\/\/nublo.tv\/index.php\/wp-json\/wp\/v2\/posts\/5290","targetHints":{"allow":["GET"]}}],"collection":[{"href":"https:\/\/nublo.tv\/index.php\/wp-json\/wp\/v2\/posts"}],"about":[{"href":"https:\/\/nublo.tv\/index.php\/wp-json\/wp\/v2\/types\/post"}],"author":[{"embeddable":true,"href":"https:\/\/nublo.tv\/index.php\/wp-json\/wp\/v2\/users\/1"}],"replies":[{"embeddable":true,"href":"https:\/\/nublo.tv\/index.php\/wp-json\/wp\/v2\/comments?post=5290"}],"version-history":[{"count":1,"href":"https:\/\/nublo.tv\/index.php\/wp-json\/wp\/v2\/posts\/5290\/revisions"}],"predecessor-version":[{"id":5312,"href":"https:\/\/nublo.tv\/index.php\/wp-json\/wp\/v2\/posts\/5290\/revisions\/5312"}],"wp:featuredmedia":[{"embeddable":true,"href":"https:\/\/nublo.tv\/index.php\/wp-json\/wp\/v2\/media\/5177"}],"wp:attachment":[{"href":"https:\/\/nublo.tv\/index.php\/wp-json\/wp\/v2\/media?parent=5290"}],"wp:term":[{"taxonomy":"category","embeddable":true,"href":"https:\/\/nublo.tv\/index.php\/wp-json\/wp\/v2\/categories?post=5290"},{"taxonomy":"post_tag","embeddable":true,"href":"https:\/\/nublo.tv\/index.php\/wp-json\/wp\/v2\/tags?post=5290"}],"curies":[{"name":"wp","href":"https:\/\/api.w.org\/{rel}","templated":true}]}}