{"id":5291,"date":"2026-08-25T15:53:51","date_gmt":"2026-08-25T14:53:51","guid":{"rendered":"https:\/\/nublo.tv\/?p=5291"},"modified":"2026-08-25T15:53:51","modified_gmt":"2026-08-25T14:53:51","slug":"el-barrio-de-caideros-de-galdar-acoge-una-jornada-de-prevencion-de-incendios-en-areas-de-interfaz","status":"publish","type":"post","link":"https:\/\/nublo.tv\/index.php\/2026\/08\/25\/el-barrio-de-caideros-de-galdar-acoge-una-jornada-de-prevencion-de-incendios-en-areas-de-interfaz\/","title":{"rendered":"El barrio de Caideros de Ga\u0301ldar acoge una jornada de prevencio\u0301n de incendios en a\u0301reas de interfaz"},"content":{"rendered":"<p>El barrio de Caideros de G\u00e1ldar acoge una jornada de prevenci\u00f3n de incendios en \u00e1reas de interfaz<\/p>\n<p>Se record\u00f3 a vecinos y vecinas la necesidad de reforzar la cultura de la prevenci\u00f3n<\/p>\n<p>Gran Canaria, 21 de agosto de 2026 \u2013 El barrio de Caideros de G\u00e1ldar acogi\u00f3 este viernes 21 de agosto un ejercicio de prevenci\u00f3n ante el riesgo de incendios de interfaz, una jornada desarrollada en colaboraci\u00f3n entre el Cabildo de Gran Canaria, el Ayuntamiento galdense, los servicios de emergencia y la ciudadan\u00eda con el objetivo de reforzar la coordinaci\u00f3n y mejorar la preparaci\u00f3n ante una eventual situaci\u00f3n de emergencia.<\/p>\n<p>El ejercicio cont\u00f3 con la participaci\u00f3n de los Bomberos Forestales de la Consejer\u00eda de Medio Ambiente del Cabildo de Gran Canaria, una unidad PRESA, la Agrupaci\u00f3n de Protecci\u00f3n Civil de G\u00e1ldar, Polic\u00eda Local, medios municipales y vecinos de Caideros y de n\u00facleos pr\u00f3ximos.<\/p>\n<p>Al igual que el realizado anteriormente en Teror con la coordinaci\u00f3n igualmente del Cabildo de Gran Canaria, el ejercicio desarrollado esta ma\u00f1ana en Caideros de G\u00e1ldar se ha extendido m\u00e1s all\u00e1 de las \u00e1reas puramente forestales y forma parte de simulacros y labores divulgativas en el contexto de las zonas interfaz, es decir, aquellas donde el terreno forestal convive y se entremezcla con asentamientos urbanos, circunstancia que multiplica los riesgos para la poblaci\u00f3n, viviendas e infraestructuras p\u00fablicas.<\/p>\n<p>El Cabildo considera a las agrupaciones locales de Protecci\u00f3n Civil una pieza fundamental del engranaje de la lucha contra los incendios, en especial por su profundo conocimiento del territorio y la realidad social de cada municipio. Su estrecha colaboraci\u00f3n con la Protecci\u00f3n Civil se manifiesta en un apoyo a la mejora de sus infraestructuras, como sucedi\u00f3 en 2025 con la entrega de 21 veh\u00edculos equipados con herramientas contra incendios avanzadas y dotados de tecnolog\u00eda para emergencias como inundaciones y temporales.<\/p>\n<p>La jornada permiti\u00f3 tambi\u00e9n trasladar a los vecinos y vecinas informaci\u00f3n sobre c\u00f3mo actuar ante un incendio y sobre los protocolos de evacuaci\u00f3n, con el objetivo de garantizar la seguridad de la poblaci\u00f3n. Numerosos y numerosas residentes de Caideros participaron en la actividad para conocer de primera mano las recomendaciones y resolver sus dudas con los responsables y t\u00e9cnicos presentes.<\/p>\n<p>Asimismo, durante el ejercicio se record\u00f3 que la poblaci\u00f3n desempe\u00f1a un papel fundamental en la prevenci\u00f3n y en la reducci\u00f3n de los riesgos en el entorno de las viviendas. La din\u00e1mica desarrollada en Caideros incluy\u00f3 consejos de prevenci\u00f3n de incendios recogidos en el programa Gran Canaria Mosaico.<\/p>\n<p>Entre las principales recomendaciones se encuentra mantener despejados de vegetaci\u00f3n los 15 metros alrededor de las viviendas situadas en terrenos rurales, median\u00edas y cumbres; extremar las precauciones con maquinaria que pueda generar chispas, como radiales, soldadoras, motosierras o desbrozadoras, cuyo uso est\u00e1 prohibido en situaci\u00f3n de Alerta; y recordar que las quemas agr\u00edcolas permanecen prohibidas durante el verano hasta el 30 de septiembre.<\/p>\n<p>Estas medidas tienen como finalidad reducir la vulnerabilidad de las viviendas y facilitar la actuaci\u00f3n de los servicios de emergencia en caso de incendio, reforzando una cultura de prevenci\u00f3n en las zonas con mayor exposici\u00f3n a este tipo de riesgos.<\/p>\n","protected":false},"excerpt":{"rendered":"<p>&lt;!&#8211; \/* Font Definitions *\/ @font-face {font-family:SimSun; panose-1:2 1 6 0 3 1 1 1 1 1; mso-font-alt:&#23435;&#20307;; mso-font-charset:134; mso-generic-font-family:auto; mso-font-pitch:variable; mso-font-signature:515 680460288 22 0 262145 0;} @font-face {font-family:&quot;Cambria Math&quot;;&hellip;<\/p>\n","protected":false},"author":1,"featured_media":5292,"comment_status":"open","ping_status":"open","sticky":false,"template":"","format":"standard","meta":{"wpai_generated_summary":"","wpai_meta_description":"","footnotes":""},"categories":[148],"tags":[],"class_list":["post-5291","post","type-post","status-publish","format-standard","has-post-thumbnail","hentry","category-cabildo-de-gran-canaria"],"_links":{"self":[{"href":"https:\/\/nublo.tv\/index.php\/wp-json\/wp\/v2\/posts\/5291","targetHints":{"allow":["GET"]}}],"collection":[{"href":"https:\/\/nublo.tv\/index.php\/wp-json\/wp\/v2\/posts"}],"about":[{"href":"https:\/\/nublo.tv\/index.php\/wp-json\/wp\/v2\/types\/post"}],"author":[{"embeddable":true,"href":"https:\/\/nublo.tv\/index.php\/wp-json\/wp\/v2\/users\/1"}],"replies":[{"embeddable":true,"href":"https:\/\/nublo.tv\/index.php\/wp-json\/wp\/v2\/comments?post=5291"}],"version-history":[{"count":2,"href":"https:\/\/nublo.tv\/index.php\/wp-json\/wp\/v2\/posts\/5291\/revisions"}],"predecessor-version":[{"id":5329,"href":"https:\/\/nublo.tv\/index.php\/wp-json\/wp\/v2\/posts\/5291\/revisions\/5329"}],"wp:featuredmedia":[{"embeddable":true,"href":"https:\/\/nublo.tv\/index.php\/wp-json\/wp\/v2\/media\/5292"}],"wp:attachment":[{"href":"https:\/\/nublo.tv\/index.php\/wp-json\/wp\/v2\/media?parent=5291"}],"wp:term":[{"taxonomy":"category","embeddable":true,"href":"https:\/\/nublo.tv\/index.php\/wp-json\/wp\/v2\/categories?post=5291"},{"taxonomy":"post_tag","embeddable":true,"href":"https:\/\/nublo.tv\/index.php\/wp-json\/wp\/v2\/tags?post=5291"}],"curies":[{"name":"wp","href":"https:\/\/api.w.org\/{rel}","templated":true}]}}