{"id":5295,"date":"2026-08-25T16:02:25","date_gmt":"2026-08-25T15:02:25","guid":{"rendered":"https:\/\/nublo.tv\/?p=5295"},"modified":"2026-08-25T16:02:25","modified_gmt":"2026-08-25T15:02:25","slug":"la-reserva-de-la-biosfera-de-gran-canaria-participa-en-el-programa-biosphere-living-lab-para-la-adaptacion-al-cambio-climatico-en-islas","status":"publish","type":"post","link":"https:\/\/nublo.tv\/index.php\/2026\/08\/25\/la-reserva-de-la-biosfera-de-gran-canaria-participa-en-el-programa-biosphere-living-lab-para-la-adaptacion-al-cambio-climatico-en-islas\/","title":{"rendered":"La Reserva de la Biosfera de Gran Canaria participa en el programa BIOSPHERE Living Lab para la adaptacio\u0301n al cambio clima\u0301tico en islas"},"content":{"rendered":"<p>La Reserva de la Biosfera de Gran Canaria participa en el programa BIOSPHERE Living Lab para la adaptaci\u00f3n al cambio clim\u00e1tico en islas<\/p>\n<p>La iniciativa conecta a un total de 17 Reservas de la Biosfera de Espa\u00f1a, Portugal, Cabo Verde y S\u00e3o Tom\u00e9 y Pr\u00edncipe<\/p>\n<p>Incluir\u00e1 un diagn\u00f3stico de bebederos para la fauna silvestre en Inagua y otras zonas de inter\u00e9s y el estudio de los pinares del Sur<\/p>\n<p>Tambi\u00e9n se contar\u00e1 con 11 centros educativos en la b\u00fasqueda de soluciones adaptativas basadas en la naturaleza<\/p>\n<p>Gran Canaria, 19 de agosto de 2026 \u2013 La Reserva de la Biosfera de Gran Canaria participa como socio en el proyecto BIOSPHERE Living Lab \u2013 Reservas de la Biosfera MAC\u2013\u00c1frica: Living Labs para la Adaptaci\u00f3n Clim\u00e1tica y la Resiliencia Territorial, una iniciativa del Programa INTERREG VI-D Madeira\u2013Azores\u2013Canarias (MAC) 2021\u20132027 orientada a reforzar la capacidad de adaptaci\u00f3n de los territorios insulares frente al cambio clim\u00e1tico.<\/p>\n<p>El proyecto re\u00fane a 17 Reservas de la Biosfera de Espa\u00f1a, Portugal, Cabo Verde y S\u00e3o Tom\u00e9 y Pr\u00edncipe, junto con administraciones p\u00fablicas, universidades y entidades ambientales, para desarrollar, evaluar y transferir soluciones adaptadas a las caracter\u00edsticas de cada territorio.<\/p>\n<p>La iniciativa fue aprobada en la tercera convocatoria del Programa INTERREG MAC 2021-2027 superando ampliamente el umbral m\u00ednimo de calidad de tres puntos establecido para poder ser financiado. Este resultado supone un importante reconocimiento a la calidad y solidez t\u00e9cnica de la propuesta presentada, especialmente relevante por tratarse de una convocatoria competitiva de cooperaci\u00f3n territorial europea.<\/p>\n<p>BIOSPHERE Living Lab cuenta con un presupuesto total de 4.193.238,97 euros, cofinanciado en un 85 % por FEDER, y tendr\u00e1 un periodo de ejecuci\u00f3n de tres a\u00f1os, hasta diciembre de 2029. La participaci\u00f3n del Cabildo, a trav\u00e9s del Instituto para la Gesti\u00f3n Integrada para del Patrimonio Mundial y la Reserva de la Biosfera, asciende a 333.364,50 euros, de los cuales 283.359,83 euros corresponden a financiaci\u00f3n FEDER (85 %) y 50.004,67 euros a aportaci\u00f3n propia (15 %). El Gobierno de Canarias act\u00faa como socio principal y articulador entre los distintos participantes por medio de la Consejer\u00eda de Transici\u00f3n Ecol\u00f3gica y Energ\u00eda.<\/p>\n<p>El proyecto concibe las Reservas de la Biosfera como laboratorios vivos en los que combinar conocimiento cient\u00edfico y t\u00e9cnico, participaci\u00f3n social, ciencia ciudadana y soluciones basadas en la naturaleza.<\/p>\n<p>En Gran Canaria, las actuaciones se centrar\u00e1n en \u00e1mbitos concretos de especial inter\u00e9s para la adaptaci\u00f3n al cambio clim\u00e1tico. Entre ellas se incluye el diagn\u00f3stico de nacientes o bebederos y la elaboraci\u00f3n y ejecuci\u00f3n de un proyecto para mejorar la disponibilidad de agua para la fauna en zonas de alto valor de conservaci\u00f3n, especialmente en Inagua.<\/p>\n<p>Asimismo, se realizar\u00e1 un estudio gen\u00e9tico y una diagnosis del pinar seco del sur de Gran Canaria, especialmente en montes p\u00fablicos como Tauro y Arguinegu\u00edn, para establecer protocolos de actuaci\u00f3n que favorezcan su conservaci\u00f3n y adaptaci\u00f3n y avanzar en la creaci\u00f3n y tramitaci\u00f3n de una fuente semillera. En estos dos \u00faltimos proyectos se cuenta con la colaboraci\u00f3n de la Consejer\u00eda de Medio Ambiente, Clima, Energ\u00eda y Conocimiento del Cabildo.<\/p>\n<p>El proyecto tendr\u00e1 tambi\u00e9n una importante vertiente educativa y demostrativa, mediante la diagnosis de 11 centros educativos p\u00fablicos situados en el \u00e1mbito de la Reserva de la Biosfera, en los que se identificar\u00e1n vulnerabilidades frente al cambio clim\u00e1tico y se propondr\u00e1n soluciones basadas en la naturaleza.<\/p>\n<p>Estas actuaciones se complementar\u00e1n con acciones de formaci\u00f3n, sensibilizaci\u00f3n, capacitaci\u00f3n, participaci\u00f3n e intercambio de conocimiento en el \u00e1mbito macaron\u00e9sico. El objetivo es que el conocimiento generado se traduzca en medidas concretas de adaptaci\u00f3n, y que las experiencias desarrolladas en Gran Canaria puedan ser compartidas y replicadas en otros territorios insulares.<\/p>\n<p>De esta forma, la Reserva de la Biosfera de Gran Canaria contin\u00faa reforzando su participaci\u00f3n en la red de cooperaci\u00f3n internacional de Reservas de la Biosfera, impulsando el intercambio de conocimiento, experiencias y soluciones para avanzar hacia territorios m\u00e1s preparados y resilientes frente a los efectos presentes y futuros del cambio clim\u00e1tico.<\/p>\n","protected":false},"excerpt":{"rendered":"<p>La Reserva de la Biosfera de Gran Canaria participa en el programa BIOSPHERE Living Lab para la adaptaci\u00f3n al cambio clim\u00e1tico en islas La iniciativa conecta a un total de&hellip;<\/p>\n","protected":false},"author":1,"featured_media":5296,"comment_status":"open","ping_status":"open","sticky":false,"template":"","format":"standard","meta":{"wpai_generated_summary":"","wpai_meta_description":"","footnotes":""},"categories":[148],"tags":[],"class_list":["post-5295","post","type-post","status-publish","format-standard","has-post-thumbnail","hentry","category-cabildo-de-gran-canaria"],"_links":{"self":[{"href":"https:\/\/nublo.tv\/index.php\/wp-json\/wp\/v2\/posts\/5295","targetHints":{"allow":["GET"]}}],"collection":[{"href":"https:\/\/nublo.tv\/index.php\/wp-json\/wp\/v2\/posts"}],"about":[{"href":"https:\/\/nublo.tv\/index.php\/wp-json\/wp\/v2\/types\/post"}],"author":[{"embeddable":true,"href":"https:\/\/nublo.tv\/index.php\/wp-json\/wp\/v2\/users\/1"}],"replies":[{"embeddable":true,"href":"https:\/\/nublo.tv\/index.php\/wp-json\/wp\/v2\/comments?post=5295"}],"version-history":[{"count":2,"href":"https:\/\/nublo.tv\/index.php\/wp-json\/wp\/v2\/posts\/5295\/revisions"}],"predecessor-version":[{"id":5334,"href":"https:\/\/nublo.tv\/index.php\/wp-json\/wp\/v2\/posts\/5295\/revisions\/5334"}],"wp:featuredmedia":[{"embeddable":true,"href":"https:\/\/nublo.tv\/index.php\/wp-json\/wp\/v2\/media\/5296"}],"wp:attachment":[{"href":"https:\/\/nublo.tv\/index.php\/wp-json\/wp\/v2\/media?parent=5295"}],"wp:term":[{"taxonomy":"category","embeddable":true,"href":"https:\/\/nublo.tv\/index.php\/wp-json\/wp\/v2\/categories?post=5295"},{"taxonomy":"post_tag","embeddable":true,"href":"https:\/\/nublo.tv\/index.php\/wp-json\/wp\/v2\/tags?post=5295"}],"curies":[{"name":"wp","href":"https:\/\/api.w.org\/{rel}","templated":true}]}}