{"id":5297,"date":"2026-08-25T16:02:29","date_gmt":"2026-08-25T15:02:29","guid":{"rendered":"https:\/\/nublo.tv\/?p=5297"},"modified":"2026-08-25T16:02:29","modified_gmt":"2026-08-25T15:02:29","slug":"una-prospeccion-impulsada-por-el-cabildo-frente-a-las-cuevas-de-risco-caido-profundiza-en-el-conocimiento-del-patrimonio-mundial-de-gran-canaria","status":"publish","type":"post","link":"https:\/\/nublo.tv\/index.php\/2026\/08\/25\/una-prospeccion-impulsada-por-el-cabildo-frente-a-las-cuevas-de-risco-caido-profundiza-en-el-conocimiento-del-patrimonio-mundial-de-gran-canaria\/","title":{"rendered":"Una prospeccio\u0301n impulsada por el Cabildo frente a las cuevas de Risco Cai\u0301do profundiza en el conocimiento del Patrimonio Mundial de Gran Canaria"},"content":{"rendered":"<p>Una prospecci\u00f3n impulsada por el Cabildo frente a las cuevas de Risco Ca\u00eddo profundiza en el conocimiento del Patrimonio Mundial de Gran Canaria<\/p>\n<p>Refuerza la hip\u00f3tesis de que los bancales se construyeron con materiales extra\u00eddos en la excavaci\u00f3n de cuevas artificiales<\/p>\n<p>Los trabajos de campo han permitido recuperar fragmentos de cer\u00e1mica hist\u00f3rica de Lugarejos y diversas muestras de carb\u00f3n<\/p>\n<p>Finalizados los trabajos de campo, la investigaci\u00f3n continuar\u00e1 en laboratorio mediante el an\u00e1lisis de los materiales recuperados<\/p>\n<p>Gran Canaria, 18 de agosto de 2026 \u2013 Una nueva prospecci\u00f3n arqueol\u00f3gica, impulsada y financiada por el Cabildo a trav\u00e9s del Instituto Insular para la Gesti\u00f3n Integrada del Patrimonio Mundial y Reserva de la Biosfera de Gran Canaria, ha aportado nuevos datos para el conocimiento del Paisaje Cultural de Risco Ca\u00eddo y las Monta\u00f1as Sagradas de Gran Canaria.<\/p>\n<p>Los trabajos de prospecci\u00f3n arqueol\u00f3gica realizados en el frente de cuevas de Risco Ca\u00eddo, en el entorno de Barranco Hondo, entre los municipios de Artenara y G\u00e1ldar, han permitido recuperar nuevos materiales arqueol\u00f3gicos que contribuir\u00e1n a ampliar el conocimiento sobre la ocupaci\u00f3n hist\u00f3rica de este enclave, declarado Patrimonio Mundial por la UNESCO.<\/p>\n<p>La intervenci\u00f3n arqueol\u00f3gica se llev\u00f3 a cabo tras el hallazgo casual de diversos restos durante las obras de adecuaci\u00f3n, embellecimiento y puesta en valor del Bien de Inter\u00e9s Cultural de Risco Ca\u00eddo, lo que hizo necesaria la realizaci\u00f3n de una prospecci\u00f3n espec\u00edfica para documentar y recuperar los materiales localizados, garantizando as\u00ed su correcta conservaci\u00f3n y estudio.<\/p>\n<p>Los trabajos de campo, desarrollados por la empresa Arqueocanaria S.L., han permitido recuperar fragmentos de cer\u00e1mica hist\u00f3rica procedentes de Lugarejos, as\u00ed como diversas muestras de carb\u00f3n. Estos materiales se localizaron principalmente en los bancales de cultivo y en distintos puntos del propio yacimiento, aportando nuevos indicios sobre la evoluci\u00f3n hist\u00f3rica del enclave.<\/p>\n<p>Los resultados obtenidos refuerzan la hip\u00f3tesis de que los bancales pudieron construirse reutilizando los materiales extra\u00eddos durante el proceso de excavaci\u00f3n de las cuevas artificiales, una pr\u00e1ctica que evidencia la estrecha relaci\u00f3n entre la transformaci\u00f3n del paisaje y la ocupaci\u00f3n humana de este territorio a lo largo del tiempo.<\/p>\n<p>Finalizados los trabajos de campo, la investigaci\u00f3n continuar\u00e1 en laboratorio mediante el an\u00e1lisis de los materiales recuperados. Estas labores ser\u00e1n desarrolladas por personal investigador de la Universidad de Las Palmas de Gran Canaria en el marco del convenio de colaboraci\u00f3n que mantiene con el Instituto de Patrimonio Mundial y Reserva de la Biosfera de Gran Canaria.<\/p>\n<p>El estudio de los restos permitir\u00e1 avanzar en el conocimiento sobre el origen, la cronolog\u00eda y la evoluci\u00f3n del poblamiento humano en el Paisaje Cultural de Risco Ca\u00eddo y las Monta\u00f1as Sagradas de Gran Canaria, aportando nuevos datos para la investigaci\u00f3n cient\u00edfica y reforzando las estrategias de conservaci\u00f3n y gesti\u00f3n de este espacio reconocido por la UNESCO como Patrimonio Mundial.<\/p>\n<p>El objetivo del Instituto Insular para la Gesti\u00f3n Integrada del Patrimonio Mundial y la Reserva de la Biosfera de Gran Canaria es la realizaci\u00f3n de actuaciones de conservaci\u00f3n, protecci\u00f3n, estudio, gobernanza, gesti\u00f3n participativa, revalorizaci\u00f3n cultural, desarrollo sostenible, promoci\u00f3n y difusi\u00f3n para la salvaguarda y proyecci\u00f3n social de los bienes que atesoran estos territorios que han recibido sendas declaraciones internacionales efectuadas por la UNESCO: Reserva de la Biosfera y Patrimonio Mundial asegurando en todo caso la gesti\u00f3n coordinada e integrada de ambos espacios, generando sinergias en punto a la lograr la eficacia, eficiencia y calidad de la misma, seg\u00fan recoge el art\u00edculo 2.1 de su Reglamento Org\u00e1nico.<\/p>\n","protected":false},"excerpt":{"rendered":"<p>&lt;!&#8211; \/* Font Definitions *\/ @font-face {font-family:SimSun; panose-1:2 1 6 0 3 1 1 1 1 1; mso-font-alt:&#23435;&#20307;; mso-font-charset:134; mso-generic-font-family:auto; mso-font-pitch:variable; mso-font-signature:515 680460288 22 0 262145 0;} @font-face {font-family:&quot;Cambria Math&quot;;&hellip;<\/p>\n","protected":false},"author":1,"featured_media":5336,"comment_status":"open","ping_status":"open","sticky":false,"template":"","format":"standard","meta":{"wpai_generated_summary":"","wpai_meta_description":"","footnotes":""},"categories":[148],"tags":[],"class_list":["post-5297","post","type-post","status-publish","format-standard","has-post-thumbnail","hentry","category-cabildo-de-gran-canaria"],"_links":{"self":[{"href":"https:\/\/nublo.tv\/index.php\/wp-json\/wp\/v2\/posts\/5297","targetHints":{"allow":["GET"]}}],"collection":[{"href":"https:\/\/nublo.tv\/index.php\/wp-json\/wp\/v2\/posts"}],"about":[{"href":"https:\/\/nublo.tv\/index.php\/wp-json\/wp\/v2\/types\/post"}],"author":[{"embeddable":true,"href":"https:\/\/nublo.tv\/index.php\/wp-json\/wp\/v2\/users\/1"}],"replies":[{"embeddable":true,"href":"https:\/\/nublo.tv\/index.php\/wp-json\/wp\/v2\/comments?post=5297"}],"version-history":[{"count":2,"href":"https:\/\/nublo.tv\/index.php\/wp-json\/wp\/v2\/posts\/5297\/revisions"}],"predecessor-version":[{"id":5335,"href":"https:\/\/nublo.tv\/index.php\/wp-json\/wp\/v2\/posts\/5297\/revisions\/5335"}],"wp:featuredmedia":[{"embeddable":true,"href":"https:\/\/nublo.tv\/index.php\/wp-json\/wp\/v2\/media\/5336"}],"wp:attachment":[{"href":"https:\/\/nublo.tv\/index.php\/wp-json\/wp\/v2\/media?parent=5297"}],"wp:term":[{"taxonomy":"category","embeddable":true,"href":"https:\/\/nublo.tv\/index.php\/wp-json\/wp\/v2\/categories?post=5297"},{"taxonomy":"post_tag","embeddable":true,"href":"https:\/\/nublo.tv\/index.php\/wp-json\/wp\/v2\/tags?post=5297"}],"curies":[{"name":"wp","href":"https:\/\/api.w.org\/{rel}","templated":true}]}}