{"id":5304,"date":"2026-08-25T16:02:38","date_gmt":"2026-08-25T15:02:38","guid":{"rendered":"https:\/\/nublo.tv\/?p=5304"},"modified":"2026-08-25T16:02:38","modified_gmt":"2026-08-25T15:02:38","slug":"el-festival-internacional-de-arte-en-la-calle-enpie-presenta-su-13a-edicion-este-miercoles-en-la-alameda-pio-xii","status":"publish","type":"post","link":"https:\/\/nublo.tv\/index.php\/2026\/08\/25\/el-festival-internacional-de-arte-en-la-calle-enpie-presenta-su-13a-edicion-este-miercoles-en-la-alameda-pio-xii\/","title":{"rendered":"El Festival Internacional de Arte en la Calle \u2018EnPie\u2019 presenta su 13\u00aa edici\u00f3n este mi\u00e9rcoles en la Alameda P\u00edo XII"},"content":{"rendered":"<p><strong>El acto tiene lugar a las 11:30 horas, con la presencia de varios de los\/as artistas que estar\u00e1n en el Festival el fin de semana, del 28 al 30 de agosto.<\/strong><\/p>\n<p>El Ayuntamiento de Teror presenta este mi\u00e9rcoles 26 de agosto, a las 11:30 horas, en la Plaza de la Alameda P\u00edo XII, la 13\u00aa edici\u00f3n del <a href=\"https:\/\/www.festivalenpieteror.com\/\"><span style=\"color: #0000ff\">FESTIVAL INTERNACIONAL DE ARTE EN LA CALLE \u2018ENPIE\u2019<\/span><\/a>, que se celebrar\u00e1 en Teror del 28 al 30 de agosto, dentro del programa de actos de la Fiesta del Pino 2026.<\/p>\n<p>La presentaci\u00f3n contar\u00e1 con la asistencia del alcalde y responsable de Cultura del Ayuntamiento de Teror, Jos\u00e9 Agust\u00edn Arencibia, acompa\u00f1ado por artistas del cartel, como el grupo musical \u2018Aseres\u2019, Giuseppe Salchichone, las cantantes Patricia Viera y Noelia Mederos.<\/p>\n<p><strong>UN FESTIVAL QUE CRECE<\/strong><\/p>\n<p>La 13\u00aa edici\u00f3n del Festival Internacional de Arte en la Calle \u2018EnPie\u2019 se consolida en 2026 con su mayor oferta de espect\u00e1culos, ampliando a tres d\u00edas el programa, con la participaci\u00f3n de 105 artistas, 43 espect\u00e1culos y 28 compa\u00f1\u00edas de Canarias, Catalu\u00f1a, Francia, Granada, Madrid, Pa\u00eds Vasco y Valencia. Todos los espect\u00e1culos son en la calle y gratuitos, abiertos a todos los p\u00fablicos.<\/p>\n<p>En la presentaci\u00f3n se dar\u00e1 a conocer el programa completo y las principales novedades de esta edici\u00f3n, entre ellas, un proyecto de mediaci\u00f3n con mujeres mayores del municipio, que se subir\u00e1n al escenario junto a la compa\u00f1\u00eda francesa La C\u00f4te Folle en un espect\u00e1culo de circo sobre el alzheimer. El estreno en Canarias de dos compa\u00f1\u00edas francesas, una de ellas con un montaje reci\u00e9n estrenado a nivel mundial.<\/p>\n","protected":false},"excerpt":{"rendered":"<p>El acto tiene lugar a las 11:30 horas, con la presencia de varios de los\/as artistas que estar\u00e1n en el Festival el fin de semana, del 28 al 30 de&hellip;<\/p>\n","protected":false},"author":1,"featured_media":5338,"comment_status":"open","ping_status":"open","sticky":false,"template":"","format":"standard","meta":{"wpai_generated_summary":"","wpai_meta_description":"","footnotes":""},"categories":[141],"tags":[],"class_list":["post-5304","post","type-post","status-publish","format-standard","has-post-thumbnail","hentry","category-ayuntamiento-de-teror"],"_links":{"self":[{"href":"https:\/\/nublo.tv\/index.php\/wp-json\/wp\/v2\/posts\/5304","targetHints":{"allow":["GET"]}}],"collection":[{"href":"https:\/\/nublo.tv\/index.php\/wp-json\/wp\/v2\/posts"}],"about":[{"href":"https:\/\/nublo.tv\/index.php\/wp-json\/wp\/v2\/types\/post"}],"author":[{"embeddable":true,"href":"https:\/\/nublo.tv\/index.php\/wp-json\/wp\/v2\/users\/1"}],"replies":[{"embeddable":true,"href":"https:\/\/nublo.tv\/index.php\/wp-json\/wp\/v2\/comments?post=5304"}],"version-history":[{"count":1,"href":"https:\/\/nublo.tv\/index.php\/wp-json\/wp\/v2\/posts\/5304\/revisions"}],"predecessor-version":[{"id":5332,"href":"https:\/\/nublo.tv\/index.php\/wp-json\/wp\/v2\/posts\/5304\/revisions\/5332"}],"wp:featuredmedia":[{"embeddable":true,"href":"https:\/\/nublo.tv\/index.php\/wp-json\/wp\/v2\/media\/5338"}],"wp:attachment":[{"href":"https:\/\/nublo.tv\/index.php\/wp-json\/wp\/v2\/media?parent=5304"}],"wp:term":[{"taxonomy":"category","embeddable":true,"href":"https:\/\/nublo.tv\/index.php\/wp-json\/wp\/v2\/categories?post=5304"},{"taxonomy":"post_tag","embeddable":true,"href":"https:\/\/nublo.tv\/index.php\/wp-json\/wp\/v2\/tags?post=5304"}],"curies":[{"name":"wp","href":"https:\/\/api.w.org\/{rel}","templated":true}]}}