{"id":54,"date":"2026-08-04T17:35:23","date_gmt":"2026-08-04T16:35:23","guid":{"rendered":"https:\/\/nublo.tv\/?p=54"},"modified":"2026-08-04T17:35:23","modified_gmt":"2026-08-04T16:35:23","slug":"situacion-de-alerta-por-temperaturas-maximas-y-por-riesgo-de-incendios-forestales-en-gran-canaria","status":"publish","type":"post","link":"https:\/\/nublo.tv\/index.php\/2026\/08\/04\/situacion-de-alerta-por-temperaturas-maximas-y-por-riesgo-de-incendios-forestales-en-gran-canaria\/","title":{"rendered":"SITUACI\u00d3N DE ALERTA POR TEMPERATURAS M\u00c1XIMAS Y POR RIESGO DE INCENDIOS FORESTALES EN GRAN CANARIA"},"content":{"rendered":"<p class=\"wp-block-paragraph\"><strong>\u26a0\ufe0f ALERTA POR ALTAS TEMPERATURAS Y RIESGO DE INCENDIOS FORESTALES<\/strong><\/p>\n<p class=\"wp-block-paragraph\">La Direcci\u00f3n General de Emergencias del Gobierno de Canarias ha declarado la situaci\u00f3n de Alerta por Temperaturas M\u00e1ximas en todo el archipi\u00e9lago.<\/p>\n<p class=\"wp-block-paragraph\"><strong>Inicio: jueves 30 de julio 2026, a las 11:00 h<\/strong><\/p>\n<p class=\"wp-block-paragraph\">Como consecuencia de este episodio de calor extremo, tambi\u00e9n se ha decretado la situaci\u00f3n de Alerta por Riesgo de Incendios Forestales en Gran Canaria, a partir de la cota 400 metros, adem\u00e1s de las islas de El Hierro, La Gomera, La Palma y Tenerife.<\/p>\n<p class=\"wp-block-paragraph\">\ud83c\udf21\ufe0f Las altas temperaturas, unidas a la baja humedad y al estado de la vegetaci\u00f3n, incrementan considerablemente el riesgo de incendios forestales. Por ello, se solicita a la ciudadan\u00eda extremar la precauci\u00f3n y evitar cualquier actividad que pueda provocar un fuego.<\/p>\n<p class=\"wp-block-paragraph\">\ud83d\udeab Recuerda respetar las restricciones vigentes y consultar las actividades permitidas en www.grancanariamosaico.com antes de acceder al monte.<\/p>\n","protected":false},"excerpt":{"rendered":"<p>\u26a0\ufe0f ALERTA POR ALTAS TEMPERATURAS Y RIESGO DE INCENDIOS FORESTALESLa Direcci\u00f3n General de Emergencias del Gobierno de Canarias ha declarado la situaci\u00f3n de Alerta por Temperaturas M\u00e1ximas en todo el&hellip;<\/p>\n","protected":false},"author":5,"featured_media":55,"comment_status":"open","ping_status":"open","sticky":false,"template":"","format":"standard","meta":{"wpai_generated_summary":"","wpai_meta_description":"","footnotes":""},"categories":[126],"tags":[],"class_list":["post-54","post","type-post","status-publish","format-standard","has-post-thumbnail","hentry","category-ayuntamiento-de-artenara"],"_links":{"self":[{"href":"https:\/\/nublo.tv\/index.php\/wp-json\/wp\/v2\/posts\/54","targetHints":{"allow":["GET"]}}],"collection":[{"href":"https:\/\/nublo.tv\/index.php\/wp-json\/wp\/v2\/posts"}],"about":[{"href":"https:\/\/nublo.tv\/index.php\/wp-json\/wp\/v2\/types\/post"}],"author":[{"embeddable":true,"href":"https:\/\/nublo.tv\/index.php\/wp-json\/wp\/v2\/users\/5"}],"replies":[{"embeddable":true,"href":"https:\/\/nublo.tv\/index.php\/wp-json\/wp\/v2\/comments?post=54"}],"version-history":[{"count":1,"href":"https:\/\/nublo.tv\/index.php\/wp-json\/wp\/v2\/posts\/54\/revisions"}],"predecessor-version":[{"id":524,"href":"https:\/\/nublo.tv\/index.php\/wp-json\/wp\/v2\/posts\/54\/revisions\/524"}],"wp:featuredmedia":[{"embeddable":true,"href":"https:\/\/nublo.tv\/index.php\/wp-json\/wp\/v2\/media\/55"}],"wp:attachment":[{"href":"https:\/\/nublo.tv\/index.php\/wp-json\/wp\/v2\/media?parent=54"}],"wp:term":[{"taxonomy":"category","embeddable":true,"href":"https:\/\/nublo.tv\/index.php\/wp-json\/wp\/v2\/categories?post=54"},{"taxonomy":"post_tag","embeddable":true,"href":"https:\/\/nublo.tv\/index.php\/wp-json\/wp\/v2\/tags?post=54"}],"curies":[{"name":"wp","href":"https:\/\/api.w.org\/{rel}","templated":true}]}}