{"id":5442,"date":"2026-08-25T23:27:01","date_gmt":"2026-08-25T22:27:01","guid":{"rendered":"https:\/\/nublo.tv\/?p=5442"},"modified":"2026-08-25T23:27:01","modified_gmt":"2026-08-25T22:27:01","slug":"barrial-demuestra-el-poder-de-convocatoria-de-sus-fiestas-con-una-multitudinaria-jornada-infantil","status":"publish","type":"post","link":"https:\/\/nublo.tv\/index.php\/2026\/08\/25\/barrial-demuestra-el-poder-de-convocatoria-de-sus-fiestas-con-una-multitudinaria-jornada-infantil\/","title":{"rendered":"Barrial demuestra el poder de convocatoria de sus fiestas con una multitudinaria jornada infantil"},"content":{"rendered":"<p><strong>La Plaza Jos\u00e9 Rodr\u00edguez Quintana se llen\u00f3 este martes de ni\u00f1os, j\u00f3venes y familias para disfrutar de una jornada especialmente dedicada a los m\u00e1s peque\u00f1os dentro de las fiestas en honor a Nuestra Se\u00f1ora de Los Desamparados 2026.<\/strong><\/p>\n<p>Barrial contin\u00faa viviendo con intensidad sus fiestas patronales y este martes volvi\u00f3 a demostrar el poder de convocatoria de su programaci\u00f3n con una jornada infantil que reuni\u00f3 a numerosas familias en la Plaza Jos\u00e9 Rodr\u00edguez Quintana. Una tarde en la que los m\u00e1s peque\u00f1os fueron los grandes protagonistas y pudieron disfrutar de diferentes propuestas pensadas especialmente para ellos.<\/p>\n<p>La jornada comenz\u00f3 con una fiesta infantil acu\u00e1tica que convirti\u00f3 la plaza en un gran espacio de diversi\u00f3n y juegos. La espuma y el agua fueron protagonistas de una tarde en la que los ni\u00f1os disfrutaron intensamente de una de las actividades m\u00e1s esperadas, compartiendo juegos y risas en compa\u00f1\u00eda de familiares y amigos.<\/p>\n<p>La programaci\u00f3n tambi\u00e9n incluy\u00f3 juegos de mesa, una propuesta que permiti\u00f3 disfrutar de un entretenimiento diferente y pensado para compartir, adem\u00e1s de un espect\u00e1culo de payasos que aport\u00f3 animaci\u00f3n y diversi\u00f3n para los asistentes. La jornada se complet\u00f3 con una sesi\u00f3n de cine, ofreciendo as\u00ed diferentes alternativas para que los ni\u00f1os y las familias pudieran disfrutar de la tarde.<\/p>\n<p>La fiesta juvenil se sum\u00f3 igualmente a la programaci\u00f3n, ampliando las propuestas destinadas a las diferentes edades y haciendo de la Plaza Jos\u00e9 Rodr\u00edguez Quintana un punto de encuentro durante toda la jornada.<\/p>\n<p>La elevada participaci\u00f3n fue una de las grandes protagonistas de la tarde. La plaza registr\u00f3 una notable presencia de familias y ni\u00f1os, demostrando la buena respuesta que est\u00e1n teniendo las actividades infantiles dentro del programa de las fiestas y la importancia de mantener espacios destinados a las nuevas generaciones.<\/p>\n<p>El presidente de la Asociaci\u00f3n de Vecinos Amagro, Pepe Garc\u00eda, destac\u00f3 la respuesta de los vecinos: \u00abEstamos muy contentos con la participaci\u00f3n que ha tenido esta jornada. Ver la Plaza llena de ni\u00f1os, familias y vecinos disfrutando de las actividades es una satisfacci\u00f3n enorme y demuestra que las fiestas siguen teniendo una gran capacidad para reunir a todo el barrio. Quer\u00edamos que los m\u00e1s peque\u00f1os fueran protagonistas y creemos que lo han sido, disfrutando de una tarde de juegos, espuma y mucha diversi\u00f3n\u00bb.<\/p>\n<p>La jornada volvi\u00f3 a poner de manifiesto el car\u00e1cter familiar de las fiestas de Barrial y su capacidad para combinar diferentes propuestas de ocio y entretenimiento dentro de una programaci\u00f3n pensada para todas las edades.<\/p>\n<p>Con actividades como las celebradas este martes, las fiestas en honor a Nuestra Se\u00f1ora de Los Desamparados contin\u00faan ofreciendo espacios de participaci\u00f3n y convivencia en los que ni\u00f1os, j\u00f3venes y familias encuentran tambi\u00e9n su propio protagonismo.<\/p>\n<p>Las celebraciones continuar\u00e1n durante los pr\u00f3ximos d\u00edas con nuevas actividades que llevar\u00e1n nuevamente el ambiente festivo a las calles, plazas y diferentes espacios de Barrial.<\/p>\n<p>La jornada infantil deja as\u00ed una nueva muestra del poder de convocatoria de unas fiestas que siguen reuniendo a vecinos y visitantes y que tienen en la participaci\u00f3n de la gente uno de sus principales valores.<\/p>\n","protected":false},"excerpt":{"rendered":"<p>La Plaza Jos\u00e9 Rodr\u00edguez Quintana se llen\u00f3 este martes de ni\u00f1os, j\u00f3venes y familias para disfrutar de una jornada especialmente dedicada a los m\u00e1s peque\u00f1os dentro de las fiestas en honor a Nuestra Se\u00f1ora de Los Desamparados 2026. Barrial contin\u00faa viviendo con intensidad sus fiestas patronales y este martes volvi\u00f3 a demostrar el poder de [&hellip;]<\/p>\n","protected":false},"author":50,"featured_media":5443,"comment_status":"open","ping_status":"open","sticky":false,"template":"","format":"standard","meta":{"wpai_generated_summary":"","wpai_meta_description":"","footnotes":""},"categories":[153],"tags":[],"class_list":["post-5442","post","type-post","status-publish","format-standard","has-post-thumbnail","hentry","category-galdar"],"_links":{"self":[{"href":"https:\/\/nublo.tv\/index.php\/wp-json\/wp\/v2\/posts\/5442","targetHints":{"allow":["GET"]}}],"collection":[{"href":"https:\/\/nublo.tv\/index.php\/wp-json\/wp\/v2\/posts"}],"about":[{"href":"https:\/\/nublo.tv\/index.php\/wp-json\/wp\/v2\/types\/post"}],"author":[{"embeddable":true,"href":"https:\/\/nublo.tv\/index.php\/wp-json\/wp\/v2\/users\/50"}],"replies":[{"embeddable":true,"href":"https:\/\/nublo.tv\/index.php\/wp-json\/wp\/v2\/comments?post=5442"}],"version-history":[{"count":1,"href":"https:\/\/nublo.tv\/index.php\/wp-json\/wp\/v2\/posts\/5442\/revisions"}],"predecessor-version":[{"id":5444,"href":"https:\/\/nublo.tv\/index.php\/wp-json\/wp\/v2\/posts\/5442\/revisions\/5444"}],"wp:featuredmedia":[{"embeddable":true,"href":"https:\/\/nublo.tv\/index.php\/wp-json\/wp\/v2\/media\/5443"}],"wp:attachment":[{"href":"https:\/\/nublo.tv\/index.php\/wp-json\/wp\/v2\/media?parent=5442"}],"wp:term":[{"taxonomy":"category","embeddable":true,"href":"https:\/\/nublo.tv\/index.php\/wp-json\/wp\/v2\/categories?post=5442"},{"taxonomy":"post_tag","embeddable":true,"href":"https:\/\/nublo.tv\/index.php\/wp-json\/wp\/v2\/tags?post=5442"}],"curies":[{"name":"wp","href":"https:\/\/api.w.org\/{rel}","templated":true}]}}