{"id":5445,"date":"2026-08-26T10:16:10","date_gmt":"2026-08-26T09:16:10","guid":{"rendered":"https:\/\/nublo.tv\/?p=5445"},"modified":"2026-08-26T10:16:10","modified_gmt":"2026-08-26T09:16:10","slug":"firgas-mejora-la-pavimentacion-de-varias-calles-y-caminos-del-municipio-con-fondos-del-plan-de-cooperacion-del-cabildo","status":"publish","type":"post","link":"https:\/\/nublo.tv\/index.php\/2026\/08\/26\/firgas-mejora-la-pavimentacion-de-varias-calles-y-caminos-del-municipio-con-fondos-del-plan-de-cooperacion-del-cabildo\/","title":{"rendered":"Firgas mejora la pavimentaci\u00f3n de varias calles y caminos del municipio con fondos del Plan de Cooperaci\u00f3n del Cabildo"},"content":{"rendered":"<p><strong>La Concejal\u00eda de V\u00edas y Obras del Ayuntamiento de Firgas ha ejecutado durante los \u00faltimos meses la pavimentaci\u00f3n con hormig\u00f3n impreso en diversas v\u00edas del municipio, una actuaci\u00f3n financiada a trav\u00e9s del Plan de Cooperaci\u00f3n con los Ayuntamientos 2022 del Cabildo Insular de Gran Canaria.<\/strong><\/p>\n<h3>Financiaci\u00f3n y desarrollo de las obras<\/h3>\n<p>Los trabajos se han desarrollado previa licitaci\u00f3n y adjudicaci\u00f3n a una empresa externa, en el marco de la actuaci\u00f3n denominada \u201cPAVIMENTACI\u00d3N DE CALLES CON HORMIG\u00d3N IMPRESO\u201d. PCA 2022 (22.PCA.05.03)\u201d. Esta intervenci\u00f3n cuenta con financiaci\u00f3n concedida por el Cabildo Insular de Gran Canaria y fue aprobada por acuerdo de Pleno de la corporaci\u00f3n insular el 27 de diciembre de 2024, bajo la direcci\u00f3n del concejal del \u00e1rea, Domingo Javier Perdomo Rodr\u00edguez.<\/p>\n<h3>Calles y zonas beneficiadas<\/h3>\n<p>La intervenci\u00f3n ha permitido renovar el firme de distintas calles que presentaban una pavimentaci\u00f3n deficiente tanto en su aspecto funcional como est\u00e9tico. Entre las zonas beneficiadas se encuentran los barrios de Buenlugar y Casablanca, as\u00ed como el casco urbano de Firgas.<\/p>\n<p>En concreto, los trabajos han abarcado el ramal de la calle Tamarco hasta la GC 350, la calle Hermigua, los pasajes Tasmara, Artemi y Be\u00f1esm\u00e9n, la calle El Convento con el ramal de la carretera El Lomito, y el Camino Las Longueras, adem\u00e1s de la ejecuci\u00f3n de determinadas actuaciones complementarias.<\/p>\n","protected":false},"excerpt":{"rendered":"<p>La Concejal\u00eda de V\u00edas y Obras del Ayuntamiento de Firgas, dirigida por Domingo Javier Perdomo Rodr\u00edguez, tras su previa licitaci\u00f3n y adjudicaci\u00f3n a empresa externa, ha venido ejecutando durante los&hellip;<\/p>\n","protected":false},"author":1,"featured_media":5464,"comment_status":"open","ping_status":"open","sticky":false,"template":"","format":"standard","meta":{"wpai_generated_summary":"","wpai_meta_description":"","footnotes":""},"categories":[128],"tags":[],"class_list":["post-5445","post","type-post","status-publish","format-standard","has-post-thumbnail","hentry","category-ayuntamiento-de-firgas"],"_links":{"self":[{"href":"https:\/\/nublo.tv\/index.php\/wp-json\/wp\/v2\/posts\/5445","targetHints":{"allow":["GET"]}}],"collection":[{"href":"https:\/\/nublo.tv\/index.php\/wp-json\/wp\/v2\/posts"}],"about":[{"href":"https:\/\/nublo.tv\/index.php\/wp-json\/wp\/v2\/types\/post"}],"author":[{"embeddable":true,"href":"https:\/\/nublo.tv\/index.php\/wp-json\/wp\/v2\/users\/1"}],"replies":[{"embeddable":true,"href":"https:\/\/nublo.tv\/index.php\/wp-json\/wp\/v2\/comments?post=5445"}],"version-history":[{"count":2,"href":"https:\/\/nublo.tv\/index.php\/wp-json\/wp\/v2\/posts\/5445\/revisions"}],"predecessor-version":[{"id":5463,"href":"https:\/\/nublo.tv\/index.php\/wp-json\/wp\/v2\/posts\/5445\/revisions\/5463"}],"wp:featuredmedia":[{"embeddable":true,"href":"https:\/\/nublo.tv\/index.php\/wp-json\/wp\/v2\/media\/5464"}],"wp:attachment":[{"href":"https:\/\/nublo.tv\/index.php\/wp-json\/wp\/v2\/media?parent=5445"}],"wp:term":[{"taxonomy":"category","embeddable":true,"href":"https:\/\/nublo.tv\/index.php\/wp-json\/wp\/v2\/categories?post=5445"},{"taxonomy":"post_tag","embeddable":true,"href":"https:\/\/nublo.tv\/index.php\/wp-json\/wp\/v2\/tags?post=5445"}],"curies":[{"name":"wp","href":"https:\/\/api.w.org\/{rel}","templated":true}]}}