{"id":5449,"date":"2026-08-26T10:16:29","date_gmt":"2026-08-26T09:16:29","guid":{"rendered":"https:\/\/nublo.tv\/?p=5449"},"modified":"2026-08-26T10:21:42","modified_gmt":"2026-08-26T09:21:42","slug":"el-ayuntamiento-de-teror-celebra-este-jueves-sesion-ordinaria-del-pleno-municipal","status":"publish","type":"post","link":"https:\/\/nublo.tv\/index.php\/2026\/08\/26\/el-ayuntamiento-de-teror-celebra-este-jueves-sesion-ordinaria-del-pleno-municipal\/","title":{"rendered":"El Ayuntamiento de Teror celebra este jueves sesi\u00f3n ordinaria del Pleno municipal"},"content":{"rendered":"<p><strong>El Pleno de la Corporaci\u00f3n municipal de Teror celebra este jueves 27 de agosto una sesi\u00f3n ordinaria a las 18:00 horas en el Sal\u00f3n de Plenos de la Casa Consistorial.<\/strong><\/p>\n<p>La sesi\u00f3n ser\u00e1 retransmitida en directo a trav\u00e9s de Radio Teror en el 107.6 FM y de forma online.<\/p>\n<p>El orden del d\u00eda incluye la lectura y aprobaci\u00f3n, si procede, de los borradores de las actas de las sesiones anteriores, as\u00ed como la daci\u00f3n de cuenta de los decretos de la Alcald\u00eda-Presidencia emitidos en los \u00faltimos dos meses y los asuntos propios de la Alcald\u00eda-Presidencia.<\/p>\n<p>Asimismo, se debatir\u00e1n la aprobaci\u00f3n de la subida salarial del 2,5 por ciento para el personal laboral del Ayuntamiento correspondiente a la anualidad 2025, con efectos econ\u00f3micos desde el 1 de enero de 2025, y del 1,5 por ciento para la anualidad 2026, con efectos econ\u00f3micos desde el 1 de enero de 2026.<\/p>\n<p>El pleno tambi\u00e9n abordar\u00e1 la concesi\u00f3n honor\u00edfica a do\u00f1a Luz Marina Medina Mej\u00edas y la concesi\u00f3n de la Insignia de Oro al Regimiento de Infanter\u00eda \u00abCanarias n\u00ba 50\u00bb, para finalizar con los asuntos de urgencia y el turno de ruegos y preguntas.<\/p>\n","protected":false},"excerpt":{"rendered":"<p>La sesi\u00f3n tiene lugar a las 18:00 horas, en el Sal\u00f3n de Plenos de la Casa Consistorial. Se retransmitir\u00e1 en directo por Radio Teror 107.6 FM. El Pleno de la&hellip;<\/p>\n","protected":false},"author":1,"featured_media":5479,"comment_status":"open","ping_status":"open","sticky":false,"template":"","format":"standard","meta":{"wpai_generated_summary":"","wpai_meta_description":"","footnotes":""},"categories":[141],"tags":[],"class_list":["post-5449","post","type-post","status-publish","format-standard","has-post-thumbnail","hentry","category-ayuntamiento-de-teror"],"_links":{"self":[{"href":"https:\/\/nublo.tv\/index.php\/wp-json\/wp\/v2\/posts\/5449","targetHints":{"allow":["GET"]}}],"collection":[{"href":"https:\/\/nublo.tv\/index.php\/wp-json\/wp\/v2\/posts"}],"about":[{"href":"https:\/\/nublo.tv\/index.php\/wp-json\/wp\/v2\/types\/post"}],"author":[{"embeddable":true,"href":"https:\/\/nublo.tv\/index.php\/wp-json\/wp\/v2\/users\/1"}],"replies":[{"embeddable":true,"href":"https:\/\/nublo.tv\/index.php\/wp-json\/wp\/v2\/comments?post=5449"}],"version-history":[{"count":1,"href":"https:\/\/nublo.tv\/index.php\/wp-json\/wp\/v2\/posts\/5449\/revisions"}],"predecessor-version":[{"id":5472,"href":"https:\/\/nublo.tv\/index.php\/wp-json\/wp\/v2\/posts\/5449\/revisions\/5472"}],"wp:featuredmedia":[{"embeddable":true,"href":"https:\/\/nublo.tv\/index.php\/wp-json\/wp\/v2\/media\/5479"}],"wp:attachment":[{"href":"https:\/\/nublo.tv\/index.php\/wp-json\/wp\/v2\/media?parent=5449"}],"wp:term":[{"taxonomy":"category","embeddable":true,"href":"https:\/\/nublo.tv\/index.php\/wp-json\/wp\/v2\/categories?post=5449"},{"taxonomy":"post_tag","embeddable":true,"href":"https:\/\/nublo.tv\/index.php\/wp-json\/wp\/v2\/tags?post=5449"}],"curies":[{"name":"wp","href":"https:\/\/api.w.org\/{rel}","templated":true}]}}