{"id":5451,"date":"2026-08-28T11:10:06","date_gmt":"2026-08-28T10:10:06","guid":{"rendered":"https:\/\/nublo.tv\/?p=5451"},"modified":"2026-08-31T00:05:44","modified_gmt":"2026-08-30T23:05:44","slug":"la-a-v-amagro-hace-un-llamamiento-a-disfrutar-y-cuidar-la-rama-de-barrial","status":"publish","type":"post","link":"https:\/\/nublo.tv\/index.php\/2026\/08\/28\/la-a-v-amagro-hace-un-llamamiento-a-disfrutar-y-cuidar-la-rama-de-barrial\/","title":{"rendered":"La A.V. \u201cAmagro\u201d hace un llamamiento a disfrutar y cuidar La Rama de Barrial"},"content":{"rendered":"<p>La junta directiva de la A.V. \u201cAmagro\u201d de Barrial hace un llamamiento a todas las personas que participen en la popular y multitudinaria Rama de Barrial, para que entre todos y todas contribuyan a que esta celebraci\u00f3n pueda desarrollarse con total normalidad, manteniendo su car\u00e1cter participativo, din\u00e1mico y festivo.<\/p>\n<p>La Rama es una de las grandes se\u00f1as de identidad de las fiestas de Barrial y cada a\u00f1o re\u00fane a cientos de personas que salen a las calles para bailar, participar y disfrutar de una tradici\u00f3n que forma parte de la historia y de la memoria colectiva del barrio.<\/p>\n<p>Desde la asociaci\u00f3n vecinal se recuerda que La Rama es santo y se\u00f1a de Barrial, por lo que es deber de todos y todas conservarla, disfrutarla y ayudar a que se desarrolle con total normalidad. La responsabilidad individual y el respeto hacia los dem\u00e1s son fundamentales para que esta celebraci\u00f3n pueda seguir manteniendo su esencia.<\/p>\n<p>De manera especial, se pide respetar el espacio destinado a las bandas que acompa\u00f1ar\u00e1n musicalmente el recorrido. Se solicita expresamente no lanzar agua sobre las bandas, ya que los m\u00fasicos est\u00e1n tocando sus instrumentos y el agua puede mojarlos y llegar a estropearlos. Del mismo modo, se pide no empujar ni rozar a los m\u00fasicos mientras est\u00e1n tocando, permitiendo que puedan desarrollar su labor con normalidad y seguridad.<\/p>\n<p>La Rama tiene un ritmo propio y es importante que todas las personas participantes se adapten a \u00e9l, evitando empujones, carreras y avalanchas que puedan dificultar el desarrollo del recorrido. La celebraci\u00f3n est\u00e1 concebida para bailar y disfrutar durante todo su recorrido, no para intentar avanzar a un ritmo diferente al establecido.<\/p>\n<p>La Rama es un acto de libre participaci\u00f3n, donde todos y todas pueden formar parte de la celebraci\u00f3n. Quienes prefieran contemplarla desde fuera tambi\u00e9n tienen su espacio, por lo que se solicita igualmente no dificultar el paso ni el desarrollo normal del recorrido.<\/p>\n<p>Desde la A.V. \u201cAmagro\u201d se conf\u00eda en la colaboraci\u00f3n y responsabilidad de vecinos, vecinas y visitantes para que una de las celebraciones m\u00e1s importantes de Barrial vuelva a desarrollarse como merece.<\/p>\n<p>Cuidar La Rama es tambi\u00e9n cuidar una parte de la historia y de la identidad de Barrial. Disfrut\u00e9mosla, participemos y ayudemos entre todos a mantenerla viva.<\/p>\n","protected":false},"excerpt":{"rendered":"<p>La junta directiva de la A.V. \u201cAmagro\u201d de Barrial hace un llamamiento a todas las personas que participen en la popular y multitudinaria Rama de Barrial, para que entre todos y todas contribuyan a que esta celebraci\u00f3n pueda desarrollarse con total normalidad, manteniendo su car\u00e1cter participativo, din\u00e1mico y festivo. La Rama es una de las [&hellip;]<\/p>\n","protected":false},"author":50,"featured_media":5452,"comment_status":"open","ping_status":"open","sticky":false,"template":"","format":"standard","meta":{"wpai_generated_summary":"","wpai_meta_description":"","footnotes":""},"categories":[153],"tags":[],"class_list":["post-5451","post","type-post","status-publish","format-standard","has-post-thumbnail","hentry","category-galdar"],"_links":{"self":[{"href":"https:\/\/nublo.tv\/index.php\/wp-json\/wp\/v2\/posts\/5451","targetHints":{"allow":["GET"]}}],"collection":[{"href":"https:\/\/nublo.tv\/index.php\/wp-json\/wp\/v2\/posts"}],"about":[{"href":"https:\/\/nublo.tv\/index.php\/wp-json\/wp\/v2\/types\/post"}],"author":[{"embeddable":true,"href":"https:\/\/nublo.tv\/index.php\/wp-json\/wp\/v2\/users\/50"}],"replies":[{"embeddable":true,"href":"https:\/\/nublo.tv\/index.php\/wp-json\/wp\/v2\/comments?post=5451"}],"version-history":[{"count":2,"href":"https:\/\/nublo.tv\/index.php\/wp-json\/wp\/v2\/posts\/5451\/revisions"}],"predecessor-version":[{"id":5458,"href":"https:\/\/nublo.tv\/index.php\/wp-json\/wp\/v2\/posts\/5451\/revisions\/5458"}],"wp:featuredmedia":[{"embeddable":true,"href":"https:\/\/nublo.tv\/index.php\/wp-json\/wp\/v2\/media\/5452"}],"wp:attachment":[{"href":"https:\/\/nublo.tv\/index.php\/wp-json\/wp\/v2\/media?parent=5451"}],"wp:term":[{"taxonomy":"category","embeddable":true,"href":"https:\/\/nublo.tv\/index.php\/wp-json\/wp\/v2\/categories?post=5451"},{"taxonomy":"post_tag","embeddable":true,"href":"https:\/\/nublo.tv\/index.php\/wp-json\/wp\/v2\/tags?post=5451"}],"curies":[{"name":"wp","href":"https:\/\/api.w.org\/{rel}","templated":true}]}}