{"id":5453,"date":"2026-08-26T10:16:26","date_gmt":"2026-08-26T09:16:26","guid":{"rendered":"http:\/\/nublo.tv\/?p=5453"},"modified":"2026-08-26T10:16:26","modified_gmt":"2026-08-26T09:16:26","slug":"corte-electrico-este-jueves-en-lo-blanco-miraflor-y-el-palmar-por-trabajos-de-mantenimiento","status":"publish","type":"post","link":"https:\/\/nublo.tv\/index.php\/2026\/08\/26\/corte-electrico-este-jueves-en-lo-blanco-miraflor-y-el-palmar-por-trabajos-de-mantenimiento\/","title":{"rendered":"Corte el\u00e9ctrico este jueves en Lo Blanco, Miraflor y El Palmar por trabajos de mantenimiento"},"content":{"rendered":"<p><strong>E-distribuci\u00f3n interrumpir\u00e1 este jueves 27 de agosto el suministro el\u00e9ctrico en las zonas de Lo Blanco, Miraflor y El Palmar debido a unos trabajos de mantenimiento y mejora en la red.<\/strong><\/p>\n<p>La compa\u00f1\u00eda ha informado de que estas actuaciones tienen como objetivo incrementar la calidad del servicio el\u00e9ctrico en estas \u00e1reas.<\/p>\n<h3>Horarios previstos<\/h3>\n<p>En cuanto a los horarios previstos, el corte del suministro en Lo Blanco y Miraflor se llevar\u00e1 a cabo en dos franjas horarias: entre las 7:00 y las 9:00 horas, y posteriormente entre las 19:00 y las 21:00 horas.<\/p>\n<p>Por su parte, en la zona de El Palmar la interrupci\u00f3n de la energ\u00eda el\u00e9ctrica se desarrollar\u00e1 de forma continuada entre las 9:00 y las 19:00 horas.<\/p>\n","protected":false},"excerpt":{"rendered":"<p>E-DISTRIBUCI\u00d3N informa a sus clientes y p\u00fablico en general que, para incrementar la calidad del servicio el\u00e9ctrico, va a realizar este JUEVES 27 de AGOSTO\u00a0 unos trabajos de mantenimiento y&hellip;<\/p>\n","protected":false},"author":1,"featured_media":5475,"comment_status":"open","ping_status":"open","sticky":false,"template":"","format":"standard","meta":{"wpai_generated_summary":"","wpai_meta_description":"","footnotes":""},"categories":[141],"tags":[],"class_list":["post-5453","post","type-post","status-publish","format-standard","has-post-thumbnail","hentry","category-ayuntamiento-de-teror"],"_links":{"self":[{"href":"https:\/\/nublo.tv\/index.php\/wp-json\/wp\/v2\/posts\/5453","targetHints":{"allow":["GET"]}}],"collection":[{"href":"https:\/\/nublo.tv\/index.php\/wp-json\/wp\/v2\/posts"}],"about":[{"href":"https:\/\/nublo.tv\/index.php\/wp-json\/wp\/v2\/types\/post"}],"author":[{"embeddable":true,"href":"https:\/\/nublo.tv\/index.php\/wp-json\/wp\/v2\/users\/1"}],"replies":[{"embeddable":true,"href":"https:\/\/nublo.tv\/index.php\/wp-json\/wp\/v2\/comments?post=5453"}],"version-history":[{"count":2,"href":"https:\/\/nublo.tv\/index.php\/wp-json\/wp\/v2\/posts\/5453\/revisions"}],"predecessor-version":[{"id":5474,"href":"https:\/\/nublo.tv\/index.php\/wp-json\/wp\/v2\/posts\/5453\/revisions\/5474"}],"wp:featuredmedia":[{"embeddable":true,"href":"https:\/\/nublo.tv\/index.php\/wp-json\/wp\/v2\/media\/5475"}],"wp:attachment":[{"href":"https:\/\/nublo.tv\/index.php\/wp-json\/wp\/v2\/media?parent=5453"}],"wp:term":[{"taxonomy":"category","embeddable":true,"href":"https:\/\/nublo.tv\/index.php\/wp-json\/wp\/v2\/categories?post=5453"},{"taxonomy":"post_tag","embeddable":true,"href":"https:\/\/nublo.tv\/index.php\/wp-json\/wp\/v2\/tags?post=5453"}],"curies":[{"name":"wp","href":"https:\/\/api.w.org\/{rel}","templated":true}]}}