{"id":5461,"date":"2026-08-26T10:16:18","date_gmt":"2026-08-26T09:16:18","guid":{"rendered":"https:\/\/nublo.tv\/?p=5461"},"modified":"2026-08-26T10:16:18","modified_gmt":"2026-08-26T09:16:18","slug":"galdar-recibe-la-donacion-de-la-sareb-de-una-parcela-de-mas-de-3-800-metros-cuadrados-en-sardina","status":"publish","type":"post","link":"https:\/\/nublo.tv\/index.php\/2026\/08\/26\/galdar-recibe-la-donacion-de-la-sareb-de-una-parcela-de-mas-de-3-800-metros-cuadrados-en-sardina\/","title":{"rendered":"G\u00e1ldar recibe la donaci\u00f3n de la Sareb de una parcela de m\u00e1s de 3.800 metros cuadrados en Sardina"},"content":{"rendered":"<p><strong>El alcalde de G\u00e1ldar, Teodoro Sosa, ha firmado recientemente en notar\u00eda la donaci\u00f3n de una parcela de 3.825 metros cuadrados por parte de la Sareb en la zona de Sardina, un suelo destinado al desarrollo de fines de inter\u00e9s general de uso p\u00fablico y social.<\/strong><\/p>\n<p>El terreno cuenta con una edificabilidad de 2.295 metros cuadrados y est\u00e1 ubicado en la zona Cumbrecillas de Sardina y Lomo del Faro, orient\u00e1ndose al desarrollo del proyecto de urbanizaci\u00f3n Playa Canaria. El objetivo del Ayuntamiento de G\u00e1ldar de cara al futuro es la cesi\u00f3n de suelo para construir vivienda p\u00fablica y dotaciones comunitarias.<\/p>\n<h3>Adquisici\u00f3n de nuevos terrenos en el Paseo de Los Guanartemes<\/h3>\n<p>A esta actuaci\u00f3n se sumar\u00e1 la adquisici\u00f3n por parte del Ayuntamiento de 18 parcelas en el Paseo de Los Guanartemes, que suman alrededor de 70.000 metros cuadrados y que tambi\u00e9n son propiedad de la Sareb. Esta operaci\u00f3n contempla, adem\u00e1s de viviendas, usos complementarios como zona de aparcamiento o equipamientos educativos.<\/p>\n<p>\u00abEstamos tomando decisiones que no siempre tienen un resultado inmediato pero que van a marcar el desarrollo de G\u00e1ldar durante las pr\u00f3ximas d\u00e9cadas\u00bb, se\u00f1al\u00f3 Teodoro Sosa, quien a\u00f1adi\u00f3 que la adquisici\u00f3n y recepci\u00f3n de estos terrenos permite disponer de suelo estrat\u00e9gico para pensar en las necesidades futuras del municipio en materia de vivienda y espacios p\u00fablicos.<\/p>\n<p>El alcalde reconoci\u00f3 que transformar estos espacios requerir\u00e1 muchos a\u00f1os de trabajo, una gran inversi\u00f3n y la colaboraci\u00f3n de otras administraciones. No obstante, destac\u00f3 que el camino seguido busca generar oportunidades, conseguir suelo y recursos, y dejar encaminados proyectos que mejoren la vida de los vecinos de forma progresiva en enclaves como Sardina, Lomo de la Cal, El Roque y Caideros.<\/p>\n","protected":false},"excerpt":{"rendered":"<p>Teodoro Sosa, alcalde de G\u00e1ldar, firm\u00f3 recientemente la donaci\u00f3n de una parcela al Ayuntamiento por parte de la Sareb (Sociedad promotora de la sociedad de gesti\u00f3n de activos procedentes de&hellip;<\/p>\n","protected":false},"author":1,"featured_media":5476,"comment_status":"open","ping_status":"open","sticky":false,"template":"","format":"standard","meta":{"wpai_generated_summary":"","wpai_meta_description":"","footnotes":""},"categories":[129],"tags":[],"class_list":["post-5461","post","type-post","status-publish","format-standard","has-post-thumbnail","hentry","category-ayuntamiento-de-galdar"],"_links":{"self":[{"href":"https:\/\/nublo.tv\/index.php\/wp-json\/wp\/v2\/posts\/5461","targetHints":{"allow":["GET"]}}],"collection":[{"href":"https:\/\/nublo.tv\/index.php\/wp-json\/wp\/v2\/posts"}],"about":[{"href":"https:\/\/nublo.tv\/index.php\/wp-json\/wp\/v2\/types\/post"}],"author":[{"embeddable":true,"href":"https:\/\/nublo.tv\/index.php\/wp-json\/wp\/v2\/users\/1"}],"replies":[{"embeddable":true,"href":"https:\/\/nublo.tv\/index.php\/wp-json\/wp\/v2\/comments?post=5461"}],"version-history":[{"count":1,"href":"https:\/\/nublo.tv\/index.php\/wp-json\/wp\/v2\/posts\/5461\/revisions"}],"predecessor-version":[{"id":5466,"href":"https:\/\/nublo.tv\/index.php\/wp-json\/wp\/v2\/posts\/5461\/revisions\/5466"}],"wp:featuredmedia":[{"embeddable":true,"href":"https:\/\/nublo.tv\/index.php\/wp-json\/wp\/v2\/media\/5476"}],"wp:attachment":[{"href":"https:\/\/nublo.tv\/index.php\/wp-json\/wp\/v2\/media?parent=5461"}],"wp:term":[{"taxonomy":"category","embeddable":true,"href":"https:\/\/nublo.tv\/index.php\/wp-json\/wp\/v2\/categories?post=5461"},{"taxonomy":"post_tag","embeddable":true,"href":"https:\/\/nublo.tv\/index.php\/wp-json\/wp\/v2\/tags?post=5461"}],"curies":[{"name":"wp","href":"https:\/\/api.w.org\/{rel}","templated":true}]}}