{"id":5480,"date":"2026-08-26T10:44:45","date_gmt":"2026-08-26T09:44:45","guid":{"rendered":"https:\/\/nublo.tv\/?p=5480"},"modified":"2026-08-26T10:44:45","modified_gmt":"2026-08-26T09:44:45","slug":"el-ayuntamiento-de-las-palmas-de-gran-canaria-aprueba-definitivamente-el-nuevo-reglamento-del-archivo-municipal","status":"publish","type":"post","link":"https:\/\/nublo.tv\/index.php\/2026\/08\/26\/el-ayuntamiento-de-las-palmas-de-gran-canaria-aprueba-definitivamente-el-nuevo-reglamento-del-archivo-municipal\/","title":{"rendered":"El Ayuntamiento de Las Palmas de Gran Canaria aprueba definitivamente el nuevo Reglamento del Archivo Municipal"},"content":{"rendered":"<p><strong>El Ayuntamiento de Las Palmas de Gran Canaria ha aprobado de forma definitiva el nuevo Reglamento del Archivo Municipal, una normativa destinada a regular la gesti\u00f3n integral, conservaci\u00f3n y acceso a los documentos de la Administraci\u00f3n local que se ha publicado esta semana en el Bolet\u00edn Oficial de la Provincia (BOP).<\/strong><\/p>\n<p>Las Palmas de Gran Canaria, 26 de agosto de 2026. La nueva normativa, impulsada por la Concejal\u00eda de Presidencia, Hacienda, Modernizaci\u00f3n, Recursos Humanos y Aguas, ha culminado su tramitaci\u00f3n despu\u00e9s de finalizar sin alegaciones el periodo de informaci\u00f3n p\u00fablica abierto tras su aprobaci\u00f3n inicial por el Pleno el pasado mes de mayo.<\/p>\n<p>El concejal responsable del \u00e1rea, Francisco Hern\u00e1ndez Sp\u00ednola, ha se\u00f1alado que la sociedad actual exige una informaci\u00f3n abierta y accesible sobre la documentaci\u00f3n que genera y custodia el Ayuntamiento. Asimismo, ha subrayado que garantizar el acceso de la ciudadan\u00eda a los archivos municipales constituye un derecho reconocido por el ordenamiento jur\u00eddico y una herramienta esencial para avanzar hacia una administraci\u00f3n m\u00e1s transparente.<\/p>\n<p>Hern\u00e1ndez Sp\u00ednola ha destacado la oportunidad de aprobar este reglamento en un momento de avance en la transformaci\u00f3n digital del consistorio, adapt\u00e1ndose a la implantaci\u00f3n de LPA-Digital y estableciendo las bases para la gesti\u00f3n de los documentos electr\u00f3nicos.<\/p>\n<h3>Estructura y gesti\u00f3n documental<\/h3>\n<p>El texto regula la gesti\u00f3n a lo largo de todo el ciclo de vida de los documentos, desde su creaci\u00f3n y tramitaci\u00f3n hasta su consulta, conservaci\u00f3n o eliminaci\u00f3n, aplicando criterios t\u00e9cnicos y las garant\u00edas de la legislaci\u00f3n vigente.<\/p>\n<p>El sistema de archivo se estructura en dos niveles: los Archivos de Oficina, que custodian la documentaci\u00f3n generada por las unidades administrativas durante su gesti\u00f3n y hasta su transferencia, y el Archivo General, que act\u00faa como archivo intermedio e hist\u00f3rico para conservar y facilitar la consulta del patrimonio documental municipal.<\/p>\n<p>Entre las novedades destaca la creaci\u00f3n de la Comisi\u00f3n de Valoraci\u00f3n Documental, un \u00f3rgano encargado de fijar los criterios y plazos de conservaci\u00f3n mediante calendarios y tablas de valoraci\u00f3n, garantizando que cualquier eliminaci\u00f3n de documentos responda a pautas administrativas, legales e hist\u00f3ricas.<\/p>\n<h3>Administraci\u00f3n electr\u00f3nica y acceso ciudadano<\/h3>\n<p>El reglamento incorpora la gesti\u00f3n y conservaci\u00f3n de los documentos electr\u00f3nicos generados por el Ayuntamiento, adaptando el sistema al contexto digital para asegurar la integridad, autenticidad y accesibilidad de los archivos a lo largo del tiempo.<\/p>\n<p>En materia de acceso, la normativa contempla la consulta de los fondos por parte de unidades administrativas, ciudadan\u00eda e investigadores. Las solicitudes podr\u00e1n tramitarse preferentemente por v\u00eda telem\u00e1tica mediante la sede electr\u00f3nica municipal, sin excluir la atenci\u00f3n y consulta presencial.<\/p>\n<p>Finalmente, el texto prev\u00e9 la difusi\u00f3n del patrimonio documental a trav\u00e9s de publicaciones, exposiciones, visitas guiadas y otras actividades divulgativas orientadas a acercar la memoria hist\u00f3rica de Las Palmas de Gran Canaria a la poblaci\u00f3n.<\/p>\n","protected":false},"excerpt":{"rendered":"<p>La nueva normativa regula la gesti\u00f3n integral de los documentos municipales durante todo su ciclo de vida y refuerza el derecho de acceso de la ciudadan\u00eda a la informaci\u00f3n p\u00fablicaEl&hellip;<\/p>\n","protected":false},"author":1,"featured_media":5485,"comment_status":"open","ping_status":"open","sticky":false,"template":"","format":"standard","meta":{"wpai_generated_summary":"","wpai_meta_description":"","footnotes":""},"categories":[132],"tags":[],"class_list":["post-5480","post","type-post","status-publish","format-standard","has-post-thumbnail","hentry","category-ayuntamiento-de-las-palmas-de-gran-canaria"],"_links":{"self":[{"href":"https:\/\/nublo.tv\/index.php\/wp-json\/wp\/v2\/posts\/5480","targetHints":{"allow":["GET"]}}],"collection":[{"href":"https:\/\/nublo.tv\/index.php\/wp-json\/wp\/v2\/posts"}],"about":[{"href":"https:\/\/nublo.tv\/index.php\/wp-json\/wp\/v2\/types\/post"}],"author":[{"embeddable":true,"href":"https:\/\/nublo.tv\/index.php\/wp-json\/wp\/v2\/users\/1"}],"replies":[{"embeddable":true,"href":"https:\/\/nublo.tv\/index.php\/wp-json\/wp\/v2\/comments?post=5480"}],"version-history":[{"count":1,"href":"https:\/\/nublo.tv\/index.php\/wp-json\/wp\/v2\/posts\/5480\/revisions"}],"predecessor-version":[{"id":5483,"href":"https:\/\/nublo.tv\/index.php\/wp-json\/wp\/v2\/posts\/5480\/revisions\/5483"}],"wp:featuredmedia":[{"embeddable":true,"href":"https:\/\/nublo.tv\/index.php\/wp-json\/wp\/v2\/media\/5485"}],"wp:attachment":[{"href":"https:\/\/nublo.tv\/index.php\/wp-json\/wp\/v2\/media?parent=5480"}],"wp:term":[{"taxonomy":"category","embeddable":true,"href":"https:\/\/nublo.tv\/index.php\/wp-json\/wp\/v2\/categories?post=5480"},{"taxonomy":"post_tag","embeddable":true,"href":"https:\/\/nublo.tv\/index.php\/wp-json\/wp\/v2\/tags?post=5480"}],"curies":[{"name":"wp","href":"https:\/\/api.w.org\/{rel}","templated":true}]}}