{"id":5487,"date":"2026-08-26T11:30:49","date_gmt":"2026-08-26T10:30:49","guid":{"rendered":"https:\/\/nublo.tv\/?p=5487"},"modified":"2026-08-26T11:30:49","modified_gmt":"2026-08-26T10:30:49","slug":"la-vara-del-pescao-y-el-festival-sardina-viva-regresan-los-dias-12-y-13-de-septiembre-en-galdar","status":"publish","type":"post","link":"https:\/\/nublo.tv\/index.php\/2026\/08\/26\/la-vara-del-pescao-y-el-festival-sardina-viva-regresan-los-dias-12-y-13-de-septiembre-en-galdar\/","title":{"rendered":"La &#8216;Var\u00e1 del Pescao&#8217; y el Festival Sardina Viva regresan los d\u00edas 12 y 13 de septiembre en G\u00e1ldar"},"content":{"rendered":"<p><strong>La Avenida Antonio Rosas de Sardina acoger\u00e1 los d\u00edas 12 y 13 de septiembre la celebraci\u00f3n de la &#8216;Var\u00e1 del Pescao&#8217; y el Festival Sardina Viva, un evento organizado por la Concejal\u00eda de Cultura y Fiestas del Ayuntamiento de G\u00e1ldar con la colaboraci\u00f3n de la AAVV San Pedro Gonz\u00e1lez Telmo.<\/strong><\/p>\n<p>La programaci\u00f3n del evento, dirigido a todos los p\u00fablicos y enfocado en la m\u00fasica, las actividades infantiles y la tradici\u00f3n marinera, comenzar\u00e1 el s\u00e1bado 12 de septiembre a las 12:00 horas con la celebraci\u00f3n de La Var\u00e1 del Pescao y un pasacalles a cargo de la Banda de Agaete.<\/p>\n<p>Posteriormente, la jornada continuar\u00e1 con una oferta musical en directo que se prolongar\u00e1 hasta las 00:00 horas, contando desde las 14:30 horas con las sesiones de DJ Yeray y las actuaciones de Playa Coco, Cielo Zurith, Get Garbey y Sombras del Caribe.<\/p>\n<p>El domingo 13 de septiembre la programaci\u00f3n se centrar\u00e1 en las familias y el p\u00fablico infantil, ofreciendo actividades de ocio acu\u00e1tico como castillos hinchables, talleres y una Fiesta de la Espuma en horario de 12:00 a 18:00 horas.<\/p>\n<p>La m\u00fasica volver\u00e1 a ocupar un papel principal durante la tarde del domingo, de nuevo con la participaci\u00f3n de DJ Yeray y los conciertos de los grupos Son del Caney y Golpe Bajo.<\/p>\n","protected":false},"excerpt":{"rendered":"<p>La \u2018Var\u00e1 del Pescao\u2019 y el Festival Sardina Viva regresan los pr\u00f3ximos 12 y 13 de septiembre en la Avenida Antonio Rosas de Sardina. Un evento organizado por la Concejal\u00eda&hellip;<\/p>\n","protected":false},"author":1,"featured_media":5500,"comment_status":"open","ping_status":"open","sticky":false,"template":"","format":"standard","meta":{"wpai_generated_summary":"","wpai_meta_description":"","footnotes":""},"categories":[129],"tags":[],"class_list":["post-5487","post","type-post","status-publish","format-standard","has-post-thumbnail","hentry","category-ayuntamiento-de-galdar"],"_links":{"self":[{"href":"https:\/\/nublo.tv\/index.php\/wp-json\/wp\/v2\/posts\/5487","targetHints":{"allow":["GET"]}}],"collection":[{"href":"https:\/\/nublo.tv\/index.php\/wp-json\/wp\/v2\/posts"}],"about":[{"href":"https:\/\/nublo.tv\/index.php\/wp-json\/wp\/v2\/types\/post"}],"author":[{"embeddable":true,"href":"https:\/\/nublo.tv\/index.php\/wp-json\/wp\/v2\/users\/1"}],"replies":[{"embeddable":true,"href":"https:\/\/nublo.tv\/index.php\/wp-json\/wp\/v2\/comments?post=5487"}],"version-history":[{"count":1,"href":"https:\/\/nublo.tv\/index.php\/wp-json\/wp\/v2\/posts\/5487\/revisions"}],"predecessor-version":[{"id":5495,"href":"https:\/\/nublo.tv\/index.php\/wp-json\/wp\/v2\/posts\/5487\/revisions\/5495"}],"wp:featuredmedia":[{"embeddable":true,"href":"https:\/\/nublo.tv\/index.php\/wp-json\/wp\/v2\/media\/5500"}],"wp:attachment":[{"href":"https:\/\/nublo.tv\/index.php\/wp-json\/wp\/v2\/media?parent=5487"}],"wp:term":[{"taxonomy":"category","embeddable":true,"href":"https:\/\/nublo.tv\/index.php\/wp-json\/wp\/v2\/categories?post=5487"},{"taxonomy":"post_tag","embeddable":true,"href":"https:\/\/nublo.tv\/index.php\/wp-json\/wp\/v2\/tags?post=5487"}],"curies":[{"name":"wp","href":"https:\/\/api.w.org\/{rel}","templated":true}]}}