{"id":5491,"date":"2026-08-26T11:30:57","date_gmt":"2026-08-26T10:30:57","guid":{"rendered":"https:\/\/nublo.tv\/?p=5491"},"modified":"2026-08-26T11:30:57","modified_gmt":"2026-08-26T10:30:57","slug":"fran-guerra-es-presentado-como-nuevo-jugador-del-club-baloncesto-gran-canaria","status":"publish","type":"post","link":"https:\/\/nublo.tv\/index.php\/2026\/08\/26\/fran-guerra-es-presentado-como-nuevo-jugador-del-club-baloncesto-gran-canaria\/","title":{"rendered":"Fran Guerra es presentado como nuevo jugador del Club Baloncesto Gran Canaria"},"content":{"rendered":"<p><strong>El p\u00edvot grancanario Fran Guerra fue presentado este mi\u00e9rcoles como nuevo jugador del Club Baloncesto Gran Canaria en un acto celebrado en las instalaciones de HPS Hospitales.<\/strong><\/p>\n<p>El acto estuvo presidido por Eva Molina, gerente de Kala by HPS y directora Comercial, de Marketing y Comunicaci\u00f3n de Hospital Perpetuo Socorro, quien destac\u00f3 la trayectoria del jugador internacional y la renovaci\u00f3n del patrocinio m\u00e9dico con la entidad amarilla por tres a\u00f1os m\u00e1s. Asimismo, Francesc Solana, director deportivo del club, intervino para ensalzar la figura del p\u00edvot y su incorporaci\u00f3n al equipo.<\/p>\n<h3>Un sue\u00f1o cumplido y un nuevo reto profesional<\/h3>\n<p>Guerra, natural del barrio de Pedro Hidalgo, expres\u00f3 la ilusi\u00f3n y el orgullo que le supone representar al equipo de su tierra, calificando su fichaje como un sue\u00f1o hecho realidad. Tras un periodo de siete a\u00f1os en Tenerife, el p\u00edvot reconoci\u00f3 que rechaz\u00f3 ofertas de otros equipos de la ACB para afrontar este reto en el club claretiano.<\/p>\n<p>En el plano f\u00edsico, el jugador asegur\u00f3 encontrarse bien tras haberse recuperado de una lesi\u00f3n de tobillo sufrida hace a\u00f1o y medio. Respecto a la temporada, se\u00f1al\u00f3 que cuenta con buenas sensaciones tras una semana de entrenamientos y defini\u00f3 a Savignani como un entrenador exigente que pide sacrificio para alcanzar los objetivos a largo plazo, recordando que estos \u00abno se conseguir\u00e1 ni en noviembre ni en diciembre\u00bb.<\/p>\n","protected":false},"excerpt":{"rendered":"<p>El grancanario destac\u00f3 la \u00abilusi\u00f3n y el orgullo\u00bb que le hace estar en la isla, e incidi\u00f3 en que \u00abel objetivo no se conseguir\u00e1 ni en noviembre ni en diciembre\u00bb.&hellip;<\/p>\n","protected":false},"author":1,"featured_media":5504,"comment_status":"open","ping_status":"open","sticky":false,"template":"","format":"standard","meta":{"wpai_generated_summary":"","wpai_meta_description":"","footnotes":""},"categories":[122],"tags":[],"class_list":["post-5491","post","type-post","status-publish","format-standard","has-post-thumbnail","hentry","category-deportes"],"_links":{"self":[{"href":"https:\/\/nublo.tv\/index.php\/wp-json\/wp\/v2\/posts\/5491","targetHints":{"allow":["GET"]}}],"collection":[{"href":"https:\/\/nublo.tv\/index.php\/wp-json\/wp\/v2\/posts"}],"about":[{"href":"https:\/\/nublo.tv\/index.php\/wp-json\/wp\/v2\/types\/post"}],"author":[{"embeddable":true,"href":"https:\/\/nublo.tv\/index.php\/wp-json\/wp\/v2\/users\/1"}],"replies":[{"embeddable":true,"href":"https:\/\/nublo.tv\/index.php\/wp-json\/wp\/v2\/comments?post=5491"}],"version-history":[{"count":2,"href":"https:\/\/nublo.tv\/index.php\/wp-json\/wp\/v2\/posts\/5491\/revisions"}],"predecessor-version":[{"id":5503,"href":"https:\/\/nublo.tv\/index.php\/wp-json\/wp\/v2\/posts\/5491\/revisions\/5503"}],"wp:featuredmedia":[{"embeddable":true,"href":"https:\/\/nublo.tv\/index.php\/wp-json\/wp\/v2\/media\/5504"}],"wp:attachment":[{"href":"https:\/\/nublo.tv\/index.php\/wp-json\/wp\/v2\/media?parent=5491"}],"wp:term":[{"taxonomy":"category","embeddable":true,"href":"https:\/\/nublo.tv\/index.php\/wp-json\/wp\/v2\/categories?post=5491"},{"taxonomy":"post_tag","embeddable":true,"href":"https:\/\/nublo.tv\/index.php\/wp-json\/wp\/v2\/tags?post=5491"}],"curies":[{"name":"wp","href":"https:\/\/api.w.org\/{rel}","templated":true}]}}