{"id":5508,"date":"2026-08-26T12:43:33","date_gmt":"2026-08-26T11:43:33","guid":{"rendered":"https:\/\/nublo.tv\/?p=5508"},"modified":"2026-08-26T12:43:33","modified_gmt":"2026-08-26T11:43:33","slug":"el-ayuntamiento-de-artenara-establece-restricciones-de-trafico-y-estacionamiento-por-las-fiestas-de-la-cuevita-2026","status":"publish","type":"post","link":"https:\/\/nublo.tv\/index.php\/2026\/08\/26\/el-ayuntamiento-de-artenara-establece-restricciones-de-trafico-y-estacionamiento-por-las-fiestas-de-la-cuevita-2026\/","title":{"rendered":"El Ayuntamiento de Artenara establece restricciones de tr\u00e1fico y estacionamiento por las Fiestas de La Cuevita 2026"},"content":{"rendered":"<p><strong>El Ayuntamiento de Artenara ha puesto en marcha el bando municipal 06\/2026 que establece medidas temporales de regulaci\u00f3n del tr\u00e1fico, circulaci\u00f3n y estacionamiento en varias v\u00edas del municipio con motivo de la celebraci\u00f3n de las fiestas en honor a la Virgen de La Cuevita, con restricciones vigentes con car\u00e1cter general entre el 27 y el 31 de agosto de 2026 y algunas medidas aplic\u00e1ndose desde el 26 de agosto.<\/strong><\/p>\n<p>Las restricciones de estacionamiento afectar\u00e1n a diferentes horarios y fechas en La Asomada y Camino de La Cuevita el 30 de agosto de 15:00 a 24:00 horas; en la Avenida Mat\u00edas Vega (n\u00fameros 1 al 9) el 27 de agosto de 15:00 a 24:00 horas y desde las 18:00 horas del 28 de agosto hasta las 08:00 horas del 31 de agosto; y en la Avenida Manuel Luj\u00e1n S\u00e1nchez desde las 00:00 horas del 26 de agosto hasta las 24:00 horas del 31 de agosto.<\/p>\n<p>Asimismo, el estacionamiento estar\u00e1 prohibido en la calle Jos\u00e9 D\u00edaz Hern\u00e1ndez el 27 de agosto de 15:00 a 24:00 horas y desde las 18:00 horas del 28 de agosto hasta las 18:00 horas del 31 de agosto; en Los Cofritos y en la calle Jos\u00e9 Reyes Rivero desde las 18:00 horas del 28 de agosto hasta las 08:00 horas del 31 de agosto; en la carretera GC-21, entre las intersecciones indicadas en el bando y el Centro de Interpretaci\u00f3n de Risco Ca\u00eddo, el 30 de agosto de 07:00 a 21:00 horas; y en la bajada a Chajunco el 29 de agosto de 08:00 a 20:00 horas.<\/p>\n<h3>Restricciones a la circulaci\u00f3n y cortes por actos<\/h3>\n<p>Tambi\u00e9n se establecen prohibiciones de circulaci\u00f3n para veh\u00edculos a motor y ciclomotores en varias v\u00edas, entre ellas La Asomada y Camino de La Cuevita el 30 de agosto de 17:00 a 24:00 horas, la Avenida Mat\u00edas Vega en diferentes periodos, la Avenida Manuel Luj\u00e1n S\u00e1nchez desde el 26 hasta el 31 de agosto, y la calle Jos\u00e9 D\u00edaz Hern\u00e1ndez y la calle P\u00e1rroco Domingo B\u00e1ez, esta \u00faltima con acceso permitido a residentes por La Degollada.<\/p>\n<p>Adicionalmente, se producir\u00e1n cortes puntuales de la Avenida Mat\u00edas Vega durante determinados actos: el 28 de agosto de 20:30 a 22:30 horas por la Batalla de Flores, el 29 de agosto de 18:00 a 20:00 horas por la Rama, y el 30 de agosto de 13:00 a 14:00 horas con motivo de la Procesi\u00f3n.<\/p>\n<p>Durante el periodo establecido podr\u00e1 habilitarse la circulaci\u00f3n en un \u00fanico sentido en la calle Jos\u00e9 Reyes Rivero y en un tramo de la GC-21, comprendido entre los puntos kilom\u00e9tricos 39,100 y 39,900.<\/p>\n<p>La Polic\u00eda Local podr\u00e1 adoptar medidas excepcionales de regulaci\u00f3n, limitaci\u00f3n o prohibici\u00f3n de la circulaci\u00f3n y el estacionamiento cuando las circunstancias lo hagan necesario por razones de seguridad vial, tr\u00e1fico, movilidad o protecci\u00f3n de personas y bienes.<\/p>\n<p>La entrada en vigor oficial se establece desde las 00:00 horas del 27 de agosto hasta las 24:00 horas del 31 de agosto de 2026, recomendando a vecinos y visitantes prestar atenci\u00f3n a la se\u00f1alizaci\u00f3n y planificar sus desplazamientos con antelaci\u00f3n durante los d\u00edas principales de las fiestas.<\/p>\n","protected":false},"excerpt":{"rendered":"<p>Por la presente se informa de la entrada en vigor del Bando 06\/2026 sobre la ordenaci\u00f3n del tr\u00e1fico con motivo de las Fiestas de La Cuevita: \ud83d\udea7 AVISO SOBRE CIRCULACI\u00d3N&hellip;<\/p>\n","protected":false},"author":1,"featured_media":5522,"comment_status":"open","ping_status":"open","sticky":false,"template":"","format":"standard","meta":{"wpai_generated_summary":"","wpai_meta_description":"","footnotes":""},"categories":[126],"tags":[],"class_list":["post-5508","post","type-post","status-publish","format-standard","has-post-thumbnail","hentry","category-ayuntamiento-de-artenara"],"_links":{"self":[{"href":"https:\/\/nublo.tv\/index.php\/wp-json\/wp\/v2\/posts\/5508","targetHints":{"allow":["GET"]}}],"collection":[{"href":"https:\/\/nublo.tv\/index.php\/wp-json\/wp\/v2\/posts"}],"about":[{"href":"https:\/\/nublo.tv\/index.php\/wp-json\/wp\/v2\/types\/post"}],"author":[{"embeddable":true,"href":"https:\/\/nublo.tv\/index.php\/wp-json\/wp\/v2\/users\/1"}],"replies":[{"embeddable":true,"href":"https:\/\/nublo.tv\/index.php\/wp-json\/wp\/v2\/comments?post=5508"}],"version-history":[{"count":1,"href":"https:\/\/nublo.tv\/index.php\/wp-json\/wp\/v2\/posts\/5508\/revisions"}],"predecessor-version":[{"id":5518,"href":"https:\/\/nublo.tv\/index.php\/wp-json\/wp\/v2\/posts\/5508\/revisions\/5518"}],"wp:featuredmedia":[{"embeddable":true,"href":"https:\/\/nublo.tv\/index.php\/wp-json\/wp\/v2\/media\/5522"}],"wp:attachment":[{"href":"https:\/\/nublo.tv\/index.php\/wp-json\/wp\/v2\/media?parent=5508"}],"wp:term":[{"taxonomy":"category","embeddable":true,"href":"https:\/\/nublo.tv\/index.php\/wp-json\/wp\/v2\/categories?post=5508"},{"taxonomy":"post_tag","embeddable":true,"href":"https:\/\/nublo.tv\/index.php\/wp-json\/wp\/v2\/tags?post=5508"}],"curies":[{"name":"wp","href":"https:\/\/api.w.org\/{rel}","templated":true}]}}