{"id":5510,"date":"2026-08-26T12:43:13","date_gmt":"2026-08-26T11:43:13","guid":{"rendered":"https:\/\/nublo.tv\/?p=5510"},"modified":"2026-08-26T12:43:13","modified_gmt":"2026-08-26T11:43:13","slug":"el-riesgo-extremo-de-colapso-obliga-a-retirar-un-pino-en-castano-alto","status":"publish","type":"post","link":"https:\/\/nublo.tv\/index.php\/2026\/08\/26\/el-riesgo-extremo-de-colapso-obliga-a-retirar-un-pino-en-castano-alto\/","title":{"rendered":"El riesgo extremo de colapso obliga a retirar un pino en Casta\u00f1o Alto"},"content":{"rendered":"<p><strong>El Ayuntamiento de Santa Br\u00edgida, a trav\u00e9s de la Concejal\u00eda de Parques y Jardines, ha culminado la tala de urgencia de un ejemplar de pino canario situado en la intersecci\u00f3n de la calle Casta\u00f1o Alto con la calle Calvo Sotelo, ante la amenaza de ca\u00edda y el peligro para peatones, conductores y viviendas.<\/strong><\/p>\n<p>La actuaci\u00f3n se ha llevado a cabo tras los an\u00e1lisis periciales y las inspecciones de campo de los servicios t\u00e9cnicos y la empresa adjudicataria Acciona Medio Ambiente, as\u00ed como tras las quejas y avisos recibidos de los vecinos de la zona sobre las condiciones del ejemplar.<\/p>\n<p>La operaci\u00f3n se ha desarrollado sin incidencias operativas ni da\u00f1os materiales, dando respuesta a una situaci\u00f3n de riesgo extremo que hac\u00eda inaplazable la retirada del \u00e1rbol para preservar la seguridad.<\/p>\n<h3>Valoraci\u00f3n t\u00e9cnica<\/h3>\n<p>El dictamen t\u00e9cnico determin\u00f3 que el \u00e1rbol, de unos 15 metros de altura y 0,50 metros de di\u00e1metro de tronco, presentaba un Potencial de Fallo clasificado como Muy Alto que, combinado con una Diana de ocupaci\u00f3n Constante, situaba el riesgo de accidente en un nivel de extrema gravedad seg\u00fan las metodolog\u00edas de Evaluaci\u00f3n Visual del Arbolado.<\/p>\n<p>La inspecci\u00f3n dictamin\u00f3 que el ejemplar sufr\u00eda una inclinaci\u00f3n del tronco respecto a la vertical orientada hacia la calzada y las fincas colindantes. El \u00e1rbol transmit\u00eda su peso y empujes mec\u00e1nicos sobre un muro perimetral de mamposter\u00eda con importantes fisuras, fracturas y deterioro, cuya estructura actuaba como un tope lateral inestable. A esto se sumaba el volumen de la copa, que actuaba como una superficie de vela frente al viento.<\/p>\n<p>La ubicaci\u00f3n en un parterre de reducidas dimensiones limitaba el desarrollo y anclaje del sistema radicular, imposibilitando el trasplante. Las podas de aclarado o la instalaci\u00f3n de tirantes resultaban insuficientes y la tala controlada se determin\u00f3 como la alternativa viable.<\/p>\n<p>A pesar de que el pino canario es una especie protegida y forma parte de la identidad natural de las islas, la normativa y la responsabilidad institucional obligan a adoptar estas medidas cuando se compromete la seguridad.<\/p>\n<p>Tras la retirada del arbolado, los servicios operativos municipales evaluar\u00e1n el estado del muro perimetral y planificar\u00e1n intervenciones de adecuaci\u00f3n paisaj\u00edstica en el espacio.<\/p>\n","protected":false},"excerpt":{"rendered":"<p>El Ayuntamiento de Santa Br\u00edgida, a trav\u00e9s de la Concejal\u00eda de Parques y Jardines, ha culminado, bajo estrictos protocolos de seguridad t\u00e9cnica, la intervenci\u00f3n de urgencia consistente en la tala&hellip;<\/p>\n","protected":false},"author":1,"featured_media":5513,"comment_status":"open","ping_status":"open","sticky":false,"template":"","format":"standard","meta":{"wpai_generated_summary":"","wpai_meta_description":"","footnotes":""},"categories":[136],"tags":[],"class_list":["post-5510","post","type-post","status-publish","format-standard","has-post-thumbnail","hentry","category-ayuntamiento-de-santa-brigida"],"_links":{"self":[{"href":"https:\/\/nublo.tv\/index.php\/wp-json\/wp\/v2\/posts\/5510","targetHints":{"allow":["GET"]}}],"collection":[{"href":"https:\/\/nublo.tv\/index.php\/wp-json\/wp\/v2\/posts"}],"about":[{"href":"https:\/\/nublo.tv\/index.php\/wp-json\/wp\/v2\/types\/post"}],"author":[{"embeddable":true,"href":"https:\/\/nublo.tv\/index.php\/wp-json\/wp\/v2\/users\/1"}],"replies":[{"embeddable":true,"href":"https:\/\/nublo.tv\/index.php\/wp-json\/wp\/v2\/comments?post=5510"}],"version-history":[{"count":1,"href":"https:\/\/nublo.tv\/index.php\/wp-json\/wp\/v2\/posts\/5510\/revisions"}],"predecessor-version":[{"id":5512,"href":"https:\/\/nublo.tv\/index.php\/wp-json\/wp\/v2\/posts\/5510\/revisions\/5512"}],"wp:featuredmedia":[{"embeddable":true,"href":"https:\/\/nublo.tv\/index.php\/wp-json\/wp\/v2\/media\/5513"}],"wp:attachment":[{"href":"https:\/\/nublo.tv\/index.php\/wp-json\/wp\/v2\/media?parent=5510"}],"wp:term":[{"taxonomy":"category","embeddable":true,"href":"https:\/\/nublo.tv\/index.php\/wp-json\/wp\/v2\/categories?post=5510"},{"taxonomy":"post_tag","embeddable":true,"href":"https:\/\/nublo.tv\/index.php\/wp-json\/wp\/v2\/tags?post=5510"}],"curies":[{"name":"wp","href":"https:\/\/api.w.org\/{rel}","templated":true}]}}