{"id":5516,"date":"2026-08-26T12:44:44","date_gmt":"2026-08-26T11:44:44","guid":{"rendered":"http:\/\/nublo.tv\/?p=5516"},"modified":"2026-08-26T12:44:44","modified_gmt":"2026-08-26T11:44:44","slug":"la-recova-de-galdar-mejora-sus-instalaciones-con-una-inversion-de-30-000-euros","status":"publish","type":"post","link":"https:\/\/nublo.tv\/index.php\/2026\/08\/26\/la-recova-de-galdar-mejora-sus-instalaciones-con-una-inversion-de-30-000-euros\/","title":{"rendered":"La Recova de G\u00e1ldar mejora sus instalaciones con una inversi\u00f3n de 30.000 euros"},"content":{"rendered":"<p><strong>La Recova de G\u00e1ldar ha llevado a cabo diversas actuaciones de mejora en sus instalaciones gracias a una inversi\u00f3n total de 30.000 euros, financiada mediante una subvenci\u00f3n del Gobierno de Canarias de 19.500 euros y fondos propios del Ayuntamiento de G\u00e1ldar por importe de 10.500 euros.<\/strong><\/p>\n<p>Las obras realizadas han incluido la impermeabilizaci\u00f3n del aljibe, la instalaci\u00f3n de nuevos aparatos de ventilaci\u00f3n, la colocaci\u00f3n de papeleras con compartimentos para facilitar el reciclaje, la instalaci\u00f3n de puertas de acceso al cuarto de m\u00e1quinas, la renovaci\u00f3n del cuarto del hidro y la adquisici\u00f3n de material de merchandising.<\/p>\n<p>El alcalde en funciones del Ayuntamiento de G\u00e1ldar, Julio Mateo Castillo, y el concejal responsable del Mercado Municipal, Cristian Perdomo, visitaron La Recova para conocer el resultado de las actuaciones realizadas.<\/p>\n<p>La Recova cuenta con una amplia variedad de puestos, entre los que se encuentran una florister\u00eda, carnicer\u00eda, zona de restauraci\u00f3n, tienda de caf\u00e9, cafeter\u00eda, fruter\u00eda, panader\u00eda, pescader\u00eda y establecimientos de productos elaborados.<\/p>\n","protected":false},"excerpt":{"rendered":"<p>La Recova de G\u00e1ldar ha llevado a cabo diferentes actuaciones de mejora en sus instalaciones gracias a una subvenci\u00f3n concedida por el Gobierno de Canarias dentro de la l\u00ednea destinada&hellip;<\/p>\n","protected":false},"author":1,"featured_media":5524,"comment_status":"open","ping_status":"open","sticky":false,"template":"","format":"standard","meta":{"wpai_generated_summary":"","wpai_meta_description":"","footnotes":""},"categories":[129],"tags":[],"class_list":["post-5516","post","type-post","status-publish","format-standard","has-post-thumbnail","hentry","category-ayuntamiento-de-galdar"],"_links":{"self":[{"href":"https:\/\/nublo.tv\/index.php\/wp-json\/wp\/v2\/posts\/5516","targetHints":{"allow":["GET"]}}],"collection":[{"href":"https:\/\/nublo.tv\/index.php\/wp-json\/wp\/v2\/posts"}],"about":[{"href":"https:\/\/nublo.tv\/index.php\/wp-json\/wp\/v2\/types\/post"}],"author":[{"embeddable":true,"href":"https:\/\/nublo.tv\/index.php\/wp-json\/wp\/v2\/users\/1"}],"replies":[{"embeddable":true,"href":"https:\/\/nublo.tv\/index.php\/wp-json\/wp\/v2\/comments?post=5516"}],"version-history":[{"count":1,"href":"https:\/\/nublo.tv\/index.php\/wp-json\/wp\/v2\/posts\/5516\/revisions"}],"predecessor-version":[{"id":5523,"href":"https:\/\/nublo.tv\/index.php\/wp-json\/wp\/v2\/posts\/5516\/revisions\/5523"}],"wp:featuredmedia":[{"embeddable":true,"href":"https:\/\/nublo.tv\/index.php\/wp-json\/wp\/v2\/media\/5524"}],"wp:attachment":[{"href":"https:\/\/nublo.tv\/index.php\/wp-json\/wp\/v2\/media?parent=5516"}],"wp:term":[{"taxonomy":"category","embeddable":true,"href":"https:\/\/nublo.tv\/index.php\/wp-json\/wp\/v2\/categories?post=5516"},{"taxonomy":"post_tag","embeddable":true,"href":"https:\/\/nublo.tv\/index.php\/wp-json\/wp\/v2\/tags?post=5516"}],"curies":[{"name":"wp","href":"https:\/\/api.w.org\/{rel}","templated":true}]}}