{"id":5520,"date":"2026-08-26T12:44:48","date_gmt":"2026-08-26T11:44:48","guid":{"rendered":"http:\/\/nublo.tv\/?p=5520"},"modified":"2026-08-26T12:44:48","modified_gmt":"2026-08-26T11:44:48","slug":"las-obras-de-dragado-de-las-piscinas-naturales-de-la-laja-obligan-al-cierre-temporal-de-este-equipamiento-de-ocio-playero","status":"publish","type":"post","link":"https:\/\/nublo.tv\/index.php\/2026\/08\/26\/las-obras-de-dragado-de-las-piscinas-naturales-de-la-laja-obligan-al-cierre-temporal-de-este-equipamiento-de-ocio-playero\/","title":{"rendered":"Las obras de dragado de las piscinas naturales de La Laja obligan al cierre temporal de este equipamiento de ocio playero"},"content":{"rendered":"<p><strong>Las piscinas naturales de La Laja, en Las Palmas de Gran Canaria, cierran temporalmente al ba\u00f1o a partir de este jueves 27 de agosto de 2026 para acometer los trabajos de dragado, limpieza e higienizaci\u00f3n de su fondo marino, seg\u00fan ha informado la concejal\u00eda de Ciudad del Mar.<\/strong><\/p>\n<p>La intervenci\u00f3n ha sido adjudicada a la empresa Bluematt Ingenier\u00eda Subacu\u00e1tica SL por un importe de 130.177,57 euros. Su objetivo es extraer la arena y los sedimentos acumulados para mejorar el estado de conservaci\u00f3n, salubridad y seguridad de las instalaciones.<\/p>\n<h3>Desarrollo de los trabajos y plazos de reapertura<\/h3>\n<p>La actuaci\u00f3n arranca este jueves con la se\u00f1alizaci\u00f3n y el acopio de material, mientras que el trabajo de dragado propiamente dicho se iniciar\u00e1 a partir del viernes. Por motivos de seguridad y debido al uso de maquinaria pesada, el recinto quedar\u00e1 cerrado al p\u00fablico durante el transcurso de las obras.<\/p>\n<p>El plan de trabajo intensivo contempla un plazo de unas tres semanas, un periodo sujeto a las condiciones del mar y las mareas. No obstante, el acceso al ba\u00f1o se reabrir\u00e1 de forma gradual y por fases a medida que concluyan los trabajos en cada uno de los tres vasos.<\/p>\n<p>El vaso norte, que es de menor profundidad, est\u00e1 destinado a uso infantil y presenta una mayor acumulaci\u00f3n de sedimentos, ser\u00e1 el primero en ser dragado. Una vez acondicionado, se pondr\u00e1 en servicio de inmediato para los ba\u00f1istas, momento en el que la actuaci\u00f3n se trasladar\u00e1 al vaso central.<\/p>\n<p>Tras concluir en la piscina central, esta y la norte estar\u00e1n a pleno rendimiento mientras se interviene en el \u00faltimo tramo, el vaso sur. Por su parte, la arena retirada durante todo el proceso no saldr\u00e1 del entorno natural, sino que se redistribuir\u00e1 en el extremo norte de la propia playa.<\/p>\n<p>Desde el \u00e1rea de Ciudad del Mar se ha querido agradecer de antemano la comprensi\u00f3n de los ciudadanos ante las molestias temporales que puedan ocasionarse, recordando que se trata de una actuaci\u00f3n indispensable e inamovible fijada por la programaci\u00f3n t\u00e9cnica y contractual.<\/p>\n","protected":false},"excerpt":{"rendered":"<p>Los trabajos de limpieza del fondo marino comenzar\u00e1n ma\u00f1ana jueves 27 de agosto y se desarrollar\u00e1n a lo largo de unas tres semanas\u00a0El acceso al ba\u00f1o se reabrir\u00e1 de forma&hellip;<\/p>\n","protected":false},"author":1,"featured_media":5526,"comment_status":"open","ping_status":"open","sticky":false,"template":"","format":"standard","meta":{"wpai_generated_summary":"","wpai_meta_description":"","footnotes":""},"categories":[132],"tags":[],"class_list":["post-5520","post","type-post","status-publish","format-standard","has-post-thumbnail","hentry","category-ayuntamiento-de-las-palmas-de-gran-canaria"],"_links":{"self":[{"href":"https:\/\/nublo.tv\/index.php\/wp-json\/wp\/v2\/posts\/5520","targetHints":{"allow":["GET"]}}],"collection":[{"href":"https:\/\/nublo.tv\/index.php\/wp-json\/wp\/v2\/posts"}],"about":[{"href":"https:\/\/nublo.tv\/index.php\/wp-json\/wp\/v2\/types\/post"}],"author":[{"embeddable":true,"href":"https:\/\/nublo.tv\/index.php\/wp-json\/wp\/v2\/users\/1"}],"replies":[{"embeddable":true,"href":"https:\/\/nublo.tv\/index.php\/wp-json\/wp\/v2\/comments?post=5520"}],"version-history":[{"count":1,"href":"https:\/\/nublo.tv\/index.php\/wp-json\/wp\/v2\/posts\/5520\/revisions"}],"predecessor-version":[{"id":5525,"href":"https:\/\/nublo.tv\/index.php\/wp-json\/wp\/v2\/posts\/5520\/revisions\/5525"}],"wp:featuredmedia":[{"embeddable":true,"href":"https:\/\/nublo.tv\/index.php\/wp-json\/wp\/v2\/media\/5526"}],"wp:attachment":[{"href":"https:\/\/nublo.tv\/index.php\/wp-json\/wp\/v2\/media?parent=5520"}],"wp:term":[{"taxonomy":"category","embeddable":true,"href":"https:\/\/nublo.tv\/index.php\/wp-json\/wp\/v2\/categories?post=5520"},{"taxonomy":"post_tag","embeddable":true,"href":"https:\/\/nublo.tv\/index.php\/wp-json\/wp\/v2\/tags?post=5520"}],"curies":[{"name":"wp","href":"https:\/\/api.w.org\/{rel}","templated":true}]}}