{"id":5527,"date":"2026-08-26T14:10:15","date_gmt":"2026-08-26T13:10:15","guid":{"rendered":"https:\/\/nublo.tv\/?p=5527"},"modified":"2026-08-26T14:10:15","modified_gmt":"2026-08-26T13:10:15","slug":"el-ayuntamiento-inicia-las-obras-del-enlace-que-permitira-el-desdoblamiento-de-la-carretera-de-almatriche","status":"publish","type":"post","link":"https:\/\/nublo.tv\/index.php\/2026\/08\/26\/el-ayuntamiento-inicia-las-obras-del-enlace-que-permitira-el-desdoblamiento-de-la-carretera-de-almatriche\/","title":{"rendered":"El Ayuntamiento inicia las obras del enlace que permitir\u00e1 el desdoblamiento de la carretera de Almatriche"},"content":{"rendered":"<p><strong>El Ayuntamiento de Las Palmas de Gran Canaria ha iniciado las obras del enlace que permitir\u00e1 avanzar en el futuro desdoblamiento de la carretera de Almatriche, una actuaci\u00f3n adjudicada por 933.000 euros y financiada a trav\u00e9s del Plan de Cooperaci\u00f3n del Cabildo de Gran Canaria.<\/strong><\/p>\n<p>Los trabajos han comenzado en Las Palmas de Gran Canaria el 26 de agosto de 2026 con los movimientos de tierra para preparar y acondicionar el terreno antes de realizar las nuevas infraestructuras. La intervenci\u00f3n se desarrolla sobre una superficie aproximada de 4.500 metros cuadrados.<\/p>\n<p>Impulsada a trav\u00e9s de la Concejal\u00eda de Planificaci\u00f3n, Desarrollo Urbano y Vivienda que dirige Mauricio Roque, la actuaci\u00f3n permitir\u00e1 prolongar la calle Juan Hidalgo con nuevas aceras, calzadas y redes de servicios, constituyendo el primer paso para la futura reordenaci\u00f3n viaria del entorno.<\/p>\n<p>&ldquo;El inicio de estos trabajos supone un avance importante para mejorar la conexi\u00f3n de este entorno y seguir preparando la futura reordenaci\u00f3n de la carretera de Almatriche. Esta actuaci\u00f3n permitir\u00e1 generar un espacio m\u00e1s accesible, seguro y mejor conectado para quienes viven y transitan por la zona&rdquo;, ha se\u00f1alado el concejal de Planificaci\u00f3n, Desarrollo Urbano y Vivienda, Mauricio Roque.<\/p>\n<h3>Detalles del proyecto y caracter\u00edsticas de la v\u00eda<\/h3>\n<p>El proyecto incluye la creaci\u00f3n de un nuevo tramo de vial de unos 140 metros. El primer tramo contar\u00e1 con calzadas separadas por una mediana, mientras que el segundo dispondr\u00e1 de doble sentido de circulaci\u00f3n. Asimismo, la intervenci\u00f3n contempla la adecuaci\u00f3n y apertura al uso p\u00fablico de los viarios existentes en la unidad UZO-03 y su conexi\u00f3n con la carretera de Almatriche.<\/p>\n<p>Las obras incluyen tambi\u00e9n la construcci\u00f3n de aceras accesibles en ambos m\u00e1rgenes de la v\u00eda, con anchos de hasta tres metros, as\u00ed como la renovaci\u00f3n del firme mediante una nueva estructura de asfaltado, que ocupar\u00e1 una superficie cercana a los 3.900 metros cuadrados.<\/p>\n<p>De forma paralela, se renovar\u00e1n y completar\u00e1n las redes soterradas de saneamiento, pluviales, abastecimiento, contraincendios, baja tensi\u00f3n, alumbrado p\u00fablico y telecomunicaciones, adem\u00e1s de la obra civil vinculada al riego y la jardiner\u00eda. Esta actuaci\u00f3n constituye el primer paso para la futura reordenaci\u00f3n viaria del entorno de Almatriche, que permitir\u00e1 habilitar una v\u00eda de bajada y avanzar en la ejecuci\u00f3n de aceras en la GC-310.<\/p>\n","protected":false},"excerpt":{"rendered":"<p>La actuaci\u00f3n, adjudicada por 933.000 euros, ha comenzado con los movimientos de tierra para preparar y acondicionar el terreno antes de realizar las nuevas infraestructuras Los trabajos permitir\u00e1n prolongar la&hellip;<\/p>\n","protected":false},"author":1,"featured_media":5531,"comment_status":"open","ping_status":"open","sticky":false,"template":"","format":"standard","meta":{"wpai_generated_summary":"","wpai_meta_description":"","footnotes":""},"categories":[132],"tags":[],"class_list":["post-5527","post","type-post","status-publish","format-standard","has-post-thumbnail","hentry","category-ayuntamiento-de-las-palmas-de-gran-canaria"],"_links":{"self":[{"href":"https:\/\/nublo.tv\/index.php\/wp-json\/wp\/v2\/posts\/5527","targetHints":{"allow":["GET"]}}],"collection":[{"href":"https:\/\/nublo.tv\/index.php\/wp-json\/wp\/v2\/posts"}],"about":[{"href":"https:\/\/nublo.tv\/index.php\/wp-json\/wp\/v2\/types\/post"}],"author":[{"embeddable":true,"href":"https:\/\/nublo.tv\/index.php\/wp-json\/wp\/v2\/users\/1"}],"replies":[{"embeddable":true,"href":"https:\/\/nublo.tv\/index.php\/wp-json\/wp\/v2\/comments?post=5527"}],"version-history":[{"count":1,"href":"https:\/\/nublo.tv\/index.php\/wp-json\/wp\/v2\/posts\/5527\/revisions"}],"predecessor-version":[{"id":5530,"href":"https:\/\/nublo.tv\/index.php\/wp-json\/wp\/v2\/posts\/5527\/revisions\/5530"}],"wp:featuredmedia":[{"embeddable":true,"href":"https:\/\/nublo.tv\/index.php\/wp-json\/wp\/v2\/media\/5531"}],"wp:attachment":[{"href":"https:\/\/nublo.tv\/index.php\/wp-json\/wp\/v2\/media?parent=5527"}],"wp:term":[{"taxonomy":"category","embeddable":true,"href":"https:\/\/nublo.tv\/index.php\/wp-json\/wp\/v2\/categories?post=5527"},{"taxonomy":"post_tag","embeddable":true,"href":"https:\/\/nublo.tv\/index.php\/wp-json\/wp\/v2\/tags?post=5527"}],"curies":[{"name":"wp","href":"https:\/\/api.w.org\/{rel}","templated":true}]}}