{"id":5534,"date":"2026-08-26T14:29:30","date_gmt":"2026-08-26T13:29:30","guid":{"rendered":"http:\/\/nublo.tv\/?p=5534"},"modified":"2026-08-26T14:29:30","modified_gmt":"2026-08-26T13:29:30","slug":"tejeda-acogera-una-velada-de-maridaje-de-vinos-quesos-y-cuentos-tradicionales","status":"publish","type":"post","link":"https:\/\/nublo.tv\/index.php\/2026\/08\/26\/tejeda-acogera-una-velada-de-maridaje-de-vinos-quesos-y-cuentos-tradicionales\/","title":{"rendered":"Tejeda acoger\u00e1 una velada de maridaje de vinos, quesos y cuentos tradicionales"},"content":{"rendered":"<p><strong>El Centro de Plantas Medicinales de Tejeda acoger\u00e1 el mi\u00e9rcoles 16 de septiembre, a las 20:00 horas, una velada que combina la degustaci\u00f3n de vinos y quesos del municipio con la narraci\u00f3n de cuentos tradicionales, m\u00fasica de guitarra en directo y magia.<\/strong><\/p>\n<p>Los asistentes podr\u00e1n disfrutar de una cata guiada por un sommelier experto del Aula del Vino de Gran Canaria, encargado de conducir la experiencia y compartir los aspectos m\u00e1s destacados de cada producto. La velada se complementar\u00e1 con la narraci\u00f3n de cuentos tradicionales de Tejeda, acompa\u00f1ados de momentos de magia y m\u00fasica de guitarra en directo.<\/p>\n<p>Dado que las plazas son limitadas, ser\u00e1 necesaria la inscripci\u00f3n previa a trav\u00e9s del tel\u00e9fono 928 66 60 01, en la extensi\u00f3n 103, del Ayuntamiento de Tejeda.<\/p>\n<p>Esta actividad est\u00e1 organizada por la Concejal\u00eda de Patrimonio Hist\u00f3rico del Ayuntamiento de Tejeda y subvencionada por el Instituto para la Gesti\u00f3n Integrada del Patrimonio Mundial y la Reserva de la Biosfera de Gran Canaria, dependiente de la Consejer\u00eda de Presidencia y Movilidad Sostenible del Cabildo de Gran Canaria, dentro del proyecto \u00abVisualizando Nuestro Patrimonio \u2013 Tejeda 2026\u00bb.<\/p>\n","protected":false},"excerpt":{"rendered":"<p>Una experiencia para saborear, escuchar e imaginar. El mi\u00e9rcoles 16 de septiembre, a las 20:00 horas, el Centro de Plantas Medicinales de Tejeda acoger\u00e1 una velada \u00fanica en la que&hellip;<\/p>\n","protected":false},"author":1,"featured_media":5543,"comment_status":"open","ping_status":"open","sticky":false,"template":"","format":"standard","meta":{"wpai_generated_summary":"","wpai_meta_description":"","footnotes":""},"categories":[139],"tags":[],"class_list":["post-5534","post","type-post","status-publish","format-standard","has-post-thumbnail","hentry","category-ayuntamiento-de-tejeda"],"_links":{"self":[{"href":"https:\/\/nublo.tv\/index.php\/wp-json\/wp\/v2\/posts\/5534","targetHints":{"allow":["GET"]}}],"collection":[{"href":"https:\/\/nublo.tv\/index.php\/wp-json\/wp\/v2\/posts"}],"about":[{"href":"https:\/\/nublo.tv\/index.php\/wp-json\/wp\/v2\/types\/post"}],"author":[{"embeddable":true,"href":"https:\/\/nublo.tv\/index.php\/wp-json\/wp\/v2\/users\/1"}],"replies":[{"embeddable":true,"href":"https:\/\/nublo.tv\/index.php\/wp-json\/wp\/v2\/comments?post=5534"}],"version-history":[{"count":1,"href":"https:\/\/nublo.tv\/index.php\/wp-json\/wp\/v2\/posts\/5534\/revisions"}],"predecessor-version":[{"id":5542,"href":"https:\/\/nublo.tv\/index.php\/wp-json\/wp\/v2\/posts\/5534\/revisions\/5542"}],"wp:featuredmedia":[{"embeddable":true,"href":"https:\/\/nublo.tv\/index.php\/wp-json\/wp\/v2\/media\/5543"}],"wp:attachment":[{"href":"https:\/\/nublo.tv\/index.php\/wp-json\/wp\/v2\/media?parent=5534"}],"wp:term":[{"taxonomy":"category","embeddable":true,"href":"https:\/\/nublo.tv\/index.php\/wp-json\/wp\/v2\/categories?post=5534"},{"taxonomy":"post_tag","embeddable":true,"href":"https:\/\/nublo.tv\/index.php\/wp-json\/wp\/v2\/tags?post=5534"}],"curies":[{"name":"wp","href":"https:\/\/api.w.org\/{rel}","templated":true}]}}