{"id":5548,"date":"2026-08-26T16:51:53","date_gmt":"2026-08-26T15:51:53","guid":{"rendered":"https:\/\/nublo.tv\/?p=5548"},"modified":"2026-08-26T16:51:53","modified_gmt":"2026-08-26T15:51:53","slug":"global-activa-una-flota-de-200-guaguas-para-trasladar-a-65-000-personas-en-la-fiesta-del-pino","status":"publish","type":"post","link":"https:\/\/nublo.tv\/index.php\/2026\/08\/26\/global-activa-una-flota-de-200-guaguas-para-trasladar-a-65-000-personas-en-la-fiesta-del-pino\/","title":{"rendered":"Global activa una flota de 200 guaguas para trasladar a 65.000 personas en la Fiesta del Pino"},"content":{"rendered":"<p><strong>La compa\u00f1\u00eda de transporte interurbano Global present\u00f3 este mi\u00e9rcoles 26 de agosto en el Centro de Turismo de Teror el dispositivo especial para las Fiestas del Pino 2026, que movilizar\u00e1 a m\u00e1s de 200 veh\u00edculos y a la mayor parte de su plantilla para desplazar a unos 65.000 viajeros y realizar cerca de 2.600 trayectos.<\/strong><\/p>\n<p>El acto de presentaci\u00f3n corri\u00f3 a cargo del subdirector general de Global, Saulo Castro Gonz\u00e1lez, y el alcalde de Teror, Jos\u00e9 Agust\u00edn Arencibia Garc\u00eda, acompa\u00f1ados por el director insular de Transporte del Cabildo de Gran Canaria, Manuel L\u00f3pez, y la concejala de Movilidad del Ayuntamiento de Teror, Laura Quintana. Durante la presentaci\u00f3n tambi\u00e9n se dio a conocer la campa\u00f1a de promoci\u00f3n \u2018El Pino, siempre\u2019, acompa\u00f1ada de un v\u00eddeo para redes sociales.<\/p>\n<p>Saulo Castro Gonz\u00e1lez destac\u00f3 que esta es la edici\u00f3n n\u00famero 52 en la que la compa\u00f1\u00eda dise\u00f1a este operativo especial. Como novedad este a\u00f1o, el 7 de septiembre la Estaci\u00f3n de Teror cerrar\u00e1 a las 11:00 de la ma\u00f1ana, en lugar de a mediod\u00eda como en anteriores ocasiones, trasladando la salida de las guaguas a la Avenida del Cabildo seg\u00fan lo previsto en el Plan de Seguridad.<\/p>\n<h3>Conexiones y modificaciones en el tr\u00e1fico<\/h3>\n<p>El momento de mayor intensidad del servicio se registrar\u00e1 tras los fuegos artificiales de la medianoche del 7 de septiembre, cuando habr\u00e1 200 guaguas preparadas para dar salida a una unidad cada dos minutos y evacuar a unas 3.000 personas por hora. El dispositivo conecta de forma directa con Teror a la mayor\u00eda de los municipios de Gran Canaria, mientras que el resto lo har\u00e1 mediante transbordos en estaciones como San Telmo, G\u00e1ldar o San Mateo.<\/p>\n<p>La Estaci\u00f3n de Guaguas de Teror permanecer\u00e1 inactiva desde las 11:00 del lunes 7 hasta las 8:00 de la ma\u00f1ana del mi\u00e9rcoles 9 de septiembre, habilit\u00e1ndose la Avenida del Cabildo, el Barrio de Los Llanos y el solar del Casta\u00f1o para las diferentes l\u00edneas de salida. Asimismo, los d\u00edas 7 y 8 de septiembre se establecer\u00e1n sentidos \u00fanicos de circulaci\u00f3n en las carreteras GC-21 y GC-43, con un cierre total de la GC-21 entre las 15:00 horas del d\u00eda 7 y las 02:00 horas del d\u00eda 8 por motivos de seguridad.<\/p>\n<p>Para garantizar el buen desarrollo del dispositivo, Global contar\u00e1 con un servicio de seguridad privado formado por 40 agentes y 60 auxiliares, que colaborar\u00e1n con las Fuerzas y Cuerpos de Seguridad del Estado y la Polic\u00eda Local. Por su parte, el Ayuntamiento de Teror entregar\u00e1 la Insignia de Oro a Global el pr\u00f3ximo 17 de septiembre en reconocimiento a su labor.<\/p>\n<p>De cara a la festividad de Las Mar\u00edas el domingo 13 de septiembre, las l\u00edneas especiales operar\u00e1n desde las 06:00 hasta las 24:00 horas desde la Estaci\u00f3n de Teror. Toda la informaci\u00f3n detallada sobre horarios, tarjetas y trayectos se encuentra disponible en la p\u00e1gina web oficial de la compa\u00f1\u00eda y en sus perfiles de redes sociales.<\/p>\n","protected":false},"excerpt":{"rendered":"<p>Este mi\u00e9rcoles se present\u00f3 el amplio dispositivo especial para las Fiestas del Pino, donde se activar\u00e1 una flota de 200 guaguas y\u00a0 se movilizar\u00e1 a toda la plantilla de GLOBAL.&hellip;<\/p>\n","protected":false},"author":1,"featured_media":5560,"comment_status":"open","ping_status":"open","sticky":false,"template":"","format":"standard","meta":{"wpai_generated_summary":"","wpai_meta_description":"","footnotes":""},"categories":[141],"tags":[],"class_list":["post-5548","post","type-post","status-publish","format-standard","has-post-thumbnail","hentry","category-ayuntamiento-de-teror"],"_links":{"self":[{"href":"https:\/\/nublo.tv\/index.php\/wp-json\/wp\/v2\/posts\/5548","targetHints":{"allow":["GET"]}}],"collection":[{"href":"https:\/\/nublo.tv\/index.php\/wp-json\/wp\/v2\/posts"}],"about":[{"href":"https:\/\/nublo.tv\/index.php\/wp-json\/wp\/v2\/types\/post"}],"author":[{"embeddable":true,"href":"https:\/\/nublo.tv\/index.php\/wp-json\/wp\/v2\/users\/1"}],"replies":[{"embeddable":true,"href":"https:\/\/nublo.tv\/index.php\/wp-json\/wp\/v2\/comments?post=5548"}],"version-history":[{"count":1,"href":"https:\/\/nublo.tv\/index.php\/wp-json\/wp\/v2\/posts\/5548\/revisions"}],"predecessor-version":[{"id":5559,"href":"https:\/\/nublo.tv\/index.php\/wp-json\/wp\/v2\/posts\/5548\/revisions\/5559"}],"wp:featuredmedia":[{"embeddable":true,"href":"https:\/\/nublo.tv\/index.php\/wp-json\/wp\/v2\/media\/5560"}],"wp:attachment":[{"href":"https:\/\/nublo.tv\/index.php\/wp-json\/wp\/v2\/media?parent=5548"}],"wp:term":[{"taxonomy":"category","embeddable":true,"href":"https:\/\/nublo.tv\/index.php\/wp-json\/wp\/v2\/categories?post=5548"},{"taxonomy":"post_tag","embeddable":true,"href":"https:\/\/nublo.tv\/index.php\/wp-json\/wp\/v2\/tags?post=5548"}],"curies":[{"name":"wp","href":"https:\/\/api.w.org\/{rel}","templated":true}]}}