{"id":5550,"date":"2026-08-26T16:51:44","date_gmt":"2026-08-26T15:51:44","guid":{"rendered":"https:\/\/nublo.tv\/?p=5550"},"modified":"2026-08-26T16:51:44","modified_gmt":"2026-08-26T15:51:44","slug":"el-festival-de-arte-en-la-calle-en-pie-celebra-su-13a-edicion-en-teror-del-28-al-30-de-agosto-con-43-espectaculos","status":"publish","type":"post","link":"https:\/\/nublo.tv\/index.php\/2026\/08\/26\/el-festival-de-arte-en-la-calle-en-pie-celebra-su-13a-edicion-en-teror-del-28-al-30-de-agosto-con-43-espectaculos\/","title":{"rendered":"El Festival de Arte en la Calle \u2018En Pie\u2019 celebra su 13\u00aa edici\u00f3n en Teror del 28 al 30 de agosto con 43 espect\u00e1culos"},"content":{"rendered":"<p><strong>El Festival Internacional de Arte en la Calle \u2018En Pie\u2019 celebra su 13\u00aa edici\u00f3n del 28 al 30 de agosto en el casco de Teror, integrado en el programa de la Fiesta del Pino, con una programaci\u00f3n que re\u00fane a 105 artistas de 28 compa\u00f1\u00edas en nueve escenarios y un total de 39 horas de espect\u00e1culos gratuitos.<\/strong><\/p>\n<p>El evento cultural fue presentado este mi\u00e9rcoles 26 de agosto por el alcalde de Teror y responsable de Cultura, Jos\u00e9 Agust\u00edn Arencibia, junto al coordinador del Festival, Naroe Valls, y las cantantes canarias Noelia Mederos y Patri Viera. Como novedad, el festival ampl\u00eda su programaci\u00f3n un d\u00eda m\u00e1s y dar\u00e1 comienzo el viernes 28 de agosto, coincidiendo con la jornada del Preg\u00f3n del Pino desde las 17:30 horas hasta la madrugada con la noche de chiringuitos en la Plaza de Sintes.<\/p>\n<p>\u2018En Pie\u2019 mantiene sus se\u00f1as de identidad de entrada libre, espacios accesibles, car\u00e1cter dogfriendly y su apuesta por la sostenibilidad en movilidad, gesti\u00f3n de residuos e inclusi\u00f3n social. En la edici\u00f3n anterior, el festival reuni\u00f3 a m\u00e1s de 10.000 asistentes en el casco de Teror y gener\u00f3 un impacto econ\u00f3mico directo estimado en 470.000 euros, cifras que la organizaci\u00f3n aspira a superar con este nuevo cartel.<\/p>\n<h3>Programaci\u00f3n nacional, internacional y talento canario<\/h3>\n<p>De las 28 compa\u00f1\u00edas del cartel, 17 proceden de Canarias (Gran Canaria y Tenerife), nueve del resto del Estado \u2014Madrid, Pa\u00eds Vasco, Catalu\u00f1a y Valencia\u2014 y dos son francesas. El bloque canario incluye propuestas como el circo \u2018Akroshcan\u2019 con A-Kabaret en Sintes Calle el s\u00e1bado a mediod\u00eda, \u2018El Gordo y el Chapa\u2019, Tot\u00f3 El Payaso en la Plaza Teresa de Bol\u00edvar, Tami Circo, Tadeo Campanotto y Giuseppe Salchichone. Por su parte, la apuesta musical suma once grupos y artistas de Tenerife, Gran Canaria y Andaluc\u00eda, entre los que se encuentran \u2018Enkassette\u2019, Andrea Rodr\u00edguez y la Banda del Tr\u00f3pico, \u2018Agua del Chorro\u2019, \u2018Son de la Isla\u2019, \u2018Aseres\u2019, Noelia Mederos, Patri Viera, \u2018La Suerte de mi Vida\u2019, \u2018El Ni\u00f1o de la Hipoteca\u2019 y el cierre de \u2018Perrakos Soundsystem\u2019.<\/p>\n<p>En el apartado internacional, dos compa\u00f1\u00edas act\u00faan por primera vez en Canarias. Junto a La C\u00f4te Folle participa Collectif Bislacco con el espect\u00e1culo <em>Smooth as Fiasco<\/em>, un montaje de circo con malabares, rueda cyr, m\u00e1stil chino y telas que tendr\u00e1 su \u00fanica funci\u00f3n el s\u00e1bado a las 21:00 horas en Sintes Calle. Asimismo, la fachada de las Oficinas Municipales acoger\u00e1 los espect\u00e1culos de circo a\u00e9reo del Grupo Puja con <em>Verne y sus viajes extraordinarios<\/em> el s\u00e1bado a las 22:15 horas y <em>Asteroide B612<\/em> el domingo a las 20:00 horas. A nivel de suelo, la compa\u00f1\u00eda madrile\u00f1a \u2018Trocos Lucos\u2019 presentar\u00e1 <em>Tartana<\/em> en la Alameda el viernes y el domingo.<\/p>\n<h3>Participaci\u00f3n vecinal y espect\u00e1culos sobre la memoria<\/h3>\n<p>Una de las novedades de esta edici\u00f3n es el proceso de mediaci\u00f3n desarrollado por la compa\u00f1\u00eda francesa La C\u00f4te Folle con mujeres del municipio de m\u00e1s de 70 a\u00f1os, que participan en el espect\u00e1culo <em>Entre Bous i Vaques<\/em>. La obra, centrada en el alzh\u00e9imer, cuenta con cinco acr\u00f3batas y un andamio transformado en escenario y podr\u00e1 verse el s\u00e1bado a las 20:00 horas en la Alameda y el domingo a las 19:00 horas en Sintes Calle.<\/p>\n","protected":false},"excerpt":{"rendered":"<p>La 13\u00aa edici\u00f3n del Festival Internacional se consolida ampliando su programaci\u00f3n un d\u00eda m\u00e1s, desde el viernes 28 al domingo 30 de agosto.\u00a0El evento cultural re\u00fane durante los tres d\u00edas&hellip;<\/p>\n","protected":false},"author":1,"featured_media":5556,"comment_status":"open","ping_status":"open","sticky":false,"template":"","format":"standard","meta":{"wpai_generated_summary":"","wpai_meta_description":"","footnotes":""},"categories":[141],"tags":[],"class_list":["post-5550","post","type-post","status-publish","format-standard","has-post-thumbnail","hentry","category-ayuntamiento-de-teror"],"_links":{"self":[{"href":"https:\/\/nublo.tv\/index.php\/wp-json\/wp\/v2\/posts\/5550","targetHints":{"allow":["GET"]}}],"collection":[{"href":"https:\/\/nublo.tv\/index.php\/wp-json\/wp\/v2\/posts"}],"about":[{"href":"https:\/\/nublo.tv\/index.php\/wp-json\/wp\/v2\/types\/post"}],"author":[{"embeddable":true,"href":"https:\/\/nublo.tv\/index.php\/wp-json\/wp\/v2\/users\/1"}],"replies":[{"embeddable":true,"href":"https:\/\/nublo.tv\/index.php\/wp-json\/wp\/v2\/comments?post=5550"}],"version-history":[{"count":1,"href":"https:\/\/nublo.tv\/index.php\/wp-json\/wp\/v2\/posts\/5550\/revisions"}],"predecessor-version":[{"id":5555,"href":"https:\/\/nublo.tv\/index.php\/wp-json\/wp\/v2\/posts\/5550\/revisions\/5555"}],"wp:featuredmedia":[{"embeddable":true,"href":"https:\/\/nublo.tv\/index.php\/wp-json\/wp\/v2\/media\/5556"}],"wp:attachment":[{"href":"https:\/\/nublo.tv\/index.php\/wp-json\/wp\/v2\/media?parent=5550"}],"wp:term":[{"taxonomy":"category","embeddable":true,"href":"https:\/\/nublo.tv\/index.php\/wp-json\/wp\/v2\/categories?post=5550"},{"taxonomy":"post_tag","embeddable":true,"href":"https:\/\/nublo.tv\/index.php\/wp-json\/wp\/v2\/tags?post=5550"}],"curies":[{"name":"wp","href":"https:\/\/api.w.org\/{rel}","templated":true}]}}