{"id":5552,"date":"2026-08-26T16:51:48","date_gmt":"2026-08-26T15:51:48","guid":{"rendered":"https:\/\/nublo.tv\/?p=5552"},"modified":"2026-08-26T16:51:48","modified_gmt":"2026-08-26T15:51:48","slug":"la-ud-teror-realiza-su-tradicional-ofrenda-floral-a-la-virgen-del-pino","status":"publish","type":"post","link":"https:\/\/nublo.tv\/index.php\/2026\/08\/26\/la-ud-teror-realiza-su-tradicional-ofrenda-floral-a-la-virgen-del-pino\/","title":{"rendered":"La UD Teror realiza su tradicional ofrenda floral a la Virgen del Pino"},"content":{"rendered":"<p><strong>El equipo Regional Preferente de la UD Teror Balompi\u00e9, junto a su cuerpo t\u00e9cnico y directiva, realiz\u00f3 este martes 25 de agosto una ofrenda floral a la Virgen del Pino en la Bas\u00edlica de Teror, un acto que ya se ha convertido en tradici\u00f3n al inicio de la temporada liguera.<\/strong><\/p>\n<p>El equipo verdiblanco fue recibido en el templo por el p\u00e1rroco Jorge Mart\u00edn de la Coba, as\u00ed como por representantes municipales encabezados por el alcalde de Teror, Jos\u00e9 Agust\u00edn Arencibia. Tambi\u00e9n asistieron el primer teniente de alcalde, Sergio Nuez, y el concejal de Deportes, Mois\u00e9s Rodr\u00edguez.<\/p>\n<p>Durante el encuentro, las autoridades transmitieron a los jugadores y a la directiva del club palabras de agradecimiento por el gesto y de buenos deseos para la nueva temporada que se presenta en la categor\u00eda Preferente.<\/p>\n<p>Por su parte, la directiva del club agradeci\u00f3 la participaci\u00f3n y colaboraci\u00f3n de los representantes municipales en el acto y su apoyo al equipo. Asimismo, extendieron el agradecimiento a la Florister\u00eda Lasso por su colaboraci\u00f3n en el detalle floral elaborado como ofrenda a la Virgen del Pino.<\/p>\n","protected":false},"excerpt":{"rendered":"<p>El equipo y directiva fueron recibidos en la Bas\u00edlica por el p\u00e1rroco y representantes municipales.\u00a0 El equipo Regional Preferente de la UD Teror Balompi\u00e9, junto a su cuerpo t\u00e9cnico y&hellip;<\/p>\n","protected":false},"author":1,"featured_media":5558,"comment_status":"open","ping_status":"open","sticky":false,"template":"","format":"standard","meta":{"wpai_generated_summary":"","wpai_meta_description":"","footnotes":""},"categories":[141],"tags":[],"class_list":["post-5552","post","type-post","status-publish","format-standard","has-post-thumbnail","hentry","category-ayuntamiento-de-teror"],"_links":{"self":[{"href":"https:\/\/nublo.tv\/index.php\/wp-json\/wp\/v2\/posts\/5552","targetHints":{"allow":["GET"]}}],"collection":[{"href":"https:\/\/nublo.tv\/index.php\/wp-json\/wp\/v2\/posts"}],"about":[{"href":"https:\/\/nublo.tv\/index.php\/wp-json\/wp\/v2\/types\/post"}],"author":[{"embeddable":true,"href":"https:\/\/nublo.tv\/index.php\/wp-json\/wp\/v2\/users\/1"}],"replies":[{"embeddable":true,"href":"https:\/\/nublo.tv\/index.php\/wp-json\/wp\/v2\/comments?post=5552"}],"version-history":[{"count":1,"href":"https:\/\/nublo.tv\/index.php\/wp-json\/wp\/v2\/posts\/5552\/revisions"}],"predecessor-version":[{"id":5557,"href":"https:\/\/nublo.tv\/index.php\/wp-json\/wp\/v2\/posts\/5552\/revisions\/5557"}],"wp:featuredmedia":[{"embeddable":true,"href":"https:\/\/nublo.tv\/index.php\/wp-json\/wp\/v2\/media\/5558"}],"wp:attachment":[{"href":"https:\/\/nublo.tv\/index.php\/wp-json\/wp\/v2\/media?parent=5552"}],"wp:term":[{"taxonomy":"category","embeddable":true,"href":"https:\/\/nublo.tv\/index.php\/wp-json\/wp\/v2\/categories?post=5552"},{"taxonomy":"post_tag","embeddable":true,"href":"https:\/\/nublo.tv\/index.php\/wp-json\/wp\/v2\/tags?post=5552"}],"curies":[{"name":"wp","href":"https:\/\/api.w.org\/{rel}","templated":true}]}}