{"id":5570,"date":"2026-08-26T19:54:25","date_gmt":"2026-08-26T18:54:25","guid":{"rendered":"https:\/\/nublo.tv\/?p=5570"},"modified":"2026-08-26T19:54:25","modified_gmt":"2026-08-26T18:54:25","slug":"la-aldea-de-san-nicolas-impulsa-la-contratacion-de-asistencia-tecnica-externa-para-presentar-alegaciones-contra-la-acuicultura-en-su-litoral","status":"publish","type":"post","link":"https:\/\/nublo.tv\/index.php\/2026\/08\/26\/la-aldea-de-san-nicolas-impulsa-la-contratacion-de-asistencia-tecnica-externa-para-presentar-alegaciones-contra-la-acuicultura-en-su-litoral\/","title":{"rendered":"La Aldea de San Nicol\u00e1s impulsa la contrataci\u00f3n de asistencia t\u00e9cnica externa para presentar alegaciones contra la acuicultura en su litoral"},"content":{"rendered":"<p><strong>El alcalde de La Aldea de San Nicol\u00e1s, Pedro Su\u00e1rez, ha propuesto a la Junta de Gobierno local la contrataci\u00f3n de una asistencia t\u00e9cnica externa para auditar el estudio de impacto ambiental de un proyecto de cultivo de lubina en la costa del municipio, en respuesta al requerimiento de la Direcci\u00f3n General de Pesca del Gobierno de Canarias.<\/strong><\/p>\n<p>La iniciativa surge ante el plazo de 30 d\u00edas establecido para la informaci\u00f3n p\u00fablica del proyecto en la Zona de Inter\u00e9s Acu\u00edcola ZIA-GC-9. Dado que la actuaci\u00f3n presenta una elevada complejidad t\u00e9cnica y ambiental en \u00e1reas como la oceanograf\u00eda, la din\u00e1mica litoral, los h\u00e1bitats protegidos, el paisaje y la actividad pesquera, y al carecer el Ayuntamiento de personal especializado en ecolog\u00eda y acuicultura marina, se ha considerado imprescindible contar con expertos externos para formular una respuesta legal y cient\u00edfica rigurosa.<\/p>\n<p>Pedro Su\u00e1rez ha recordado que esta actuaci\u00f3n da cumplimiento al mandato del Pleno de la Corporaci\u00f3n, que el pasado 9 de julio aprob\u00f3 por unanimidad una moci\u00f3n institucional de rechazo a la implantaci\u00f3n de jaulas marinas en las zonas ZIA-GC-9 y ZIA-GC-8, exigiendo al Gobierno de Canarias su exclusi\u00f3n definitiva de la planificaci\u00f3n acu\u00edcola.<\/p>\n<p>El Ayuntamiento ha manifestado que continuar\u00e1 utilizando todos los mecanismos t\u00e9cnicos, institucionales y jur\u00eddicos a su alcance para frenar una actividad que considera que atenta contra los valores ambientales y paisaj\u00edsticos de la costa y contra la supervivencia de la pesca artesanal local. De este modo, la Corporaci\u00f3n busca defender con argumentos objetivos la protecci\u00f3n de su litoral ante el \u00f3rgano ambiental competente, que ya determin\u00f3 que el proyecto debe someterse a una evaluaci\u00f3n de impacto ambiental ordinaria.<\/p>\n","protected":false},"excerpt":{"rendered":"<p>El alcalde de La Aldea de San Nicol\u00e1s, Pedro Su\u00e1rez, ha tomado la iniciativa para defender los intereses del municipio y frenar la instalaci\u00f3n de macrogranjas marinas en su costa.&hellip;<\/p>\n","protected":false},"author":1,"featured_media":5576,"comment_status":"open","ping_status":"open","sticky":false,"template":"","format":"standard","meta":{"wpai_generated_summary":"","wpai_meta_description":"","footnotes":""},"categories":[131],"tags":[],"class_list":["post-5570","post","type-post","status-publish","format-standard","has-post-thumbnail","hentry","category-ayuntamiento-de-la-aldea-de-san-nicolas"],"_links":{"self":[{"href":"https:\/\/nublo.tv\/index.php\/wp-json\/wp\/v2\/posts\/5570","targetHints":{"allow":["GET"]}}],"collection":[{"href":"https:\/\/nublo.tv\/index.php\/wp-json\/wp\/v2\/posts"}],"about":[{"href":"https:\/\/nublo.tv\/index.php\/wp-json\/wp\/v2\/types\/post"}],"author":[{"embeddable":true,"href":"https:\/\/nublo.tv\/index.php\/wp-json\/wp\/v2\/users\/1"}],"replies":[{"embeddable":true,"href":"https:\/\/nublo.tv\/index.php\/wp-json\/wp\/v2\/comments?post=5570"}],"version-history":[{"count":2,"href":"https:\/\/nublo.tv\/index.php\/wp-json\/wp\/v2\/posts\/5570\/revisions"}],"predecessor-version":[{"id":5575,"href":"https:\/\/nublo.tv\/index.php\/wp-json\/wp\/v2\/posts\/5570\/revisions\/5575"}],"wp:featuredmedia":[{"embeddable":true,"href":"https:\/\/nublo.tv\/index.php\/wp-json\/wp\/v2\/media\/5576"}],"wp:attachment":[{"href":"https:\/\/nublo.tv\/index.php\/wp-json\/wp\/v2\/media?parent=5570"}],"wp:term":[{"taxonomy":"category","embeddable":true,"href":"https:\/\/nublo.tv\/index.php\/wp-json\/wp\/v2\/categories?post=5570"},{"taxonomy":"post_tag","embeddable":true,"href":"https:\/\/nublo.tv\/index.php\/wp-json\/wp\/v2\/tags?post=5570"}],"curies":[{"name":"wp","href":"https:\/\/api.w.org\/{rel}","templated":true}]}}