{"id":5578,"date":"2026-08-26T20:09:48","date_gmt":"2026-08-26T19:09:48","guid":{"rendered":"https:\/\/nublo.tv\/?p=5578"},"modified":"2026-08-26T20:09:48","modified_gmt":"2026-08-26T19:09:48","slug":"el-ayuntamiento-de-arucas-aclara-que-el-cierre-de-la-parcela-privada-usada-como-aparcamiento-en-el-puertillo-es-ajeno-a-la-corporacion","status":"publish","type":"post","link":"https:\/\/nublo.tv\/index.php\/2026\/08\/26\/el-ayuntamiento-de-arucas-aclara-que-el-cierre-de-la-parcela-privada-usada-como-aparcamiento-en-el-puertillo-es-ajeno-a-la-corporacion\/","title":{"rendered":"El Ayuntamiento de Arucas aclara que el cierre de la parcela privada usada como aparcamiento en El Puertillo es ajeno a la corporaci\u00f3n"},"content":{"rendered":"<p><strong>El Ayuntamiento de Arucas ha informado de que las decisiones sobre parcelas privadas escapan de su competencia, se\u00f1alando que el reciente cierre del acceso a un terreno en El Puertillo empleado como aparcamiento por los vecinos es ajeno a la administraci\u00f3n local.<\/strong><\/p>\n<p>El cierre se ha producido despu\u00e9s de que un propietario particular decidiera unilateralmente vallar el terreno debido a un peque\u00f1o incidente provocado por la ca\u00edda de un muro de su propiedad que afect\u00f3 a varios veh\u00edculos.<\/p>\n<p>La administraci\u00f3n local ha intentado dialogar con el propietario que ha realizado el vallado ante la problem\u00e1tica de aparcamiento generada en la zona costera de El Puertillo. Dicho particular dispone de una licencia de obra para acondicionar un terreno adyacente de su propiedad, un procedimiento previo a la solicitud de licencia para ejercer la actividad que podr\u00e1 efectuar una vez cumpla con los requisitos establecidos.<\/p>\n<p>Desde el consistorio se tramitan el otorgamiento de licencias considerando las subsanaciones y requerimientos de los proyectos. El Ayuntamiento trabaja para buscar soluciones a los problemas de estacionamiento y resolver una situaci\u00f3n ajena a la corporaci\u00f3n que genera inconvenientes a los residentes de la zona, una problem\u00e1tica agravada por la actuaci\u00f3n de un copropietario de los terrenos.<\/p>\n","protected":false},"excerpt":{"rendered":"<p>El Ayuntamiento de Arucas informa a la ciudadan\u00eda que las decisiones particulares con respecto a parcelas privadas est\u00e1n fuera de la competencia municipal. El reciente cierre del acceso a un&hellip;<\/p>\n","protected":false},"author":1,"featured_media":5617,"comment_status":"open","ping_status":"open","sticky":false,"template":"","format":"standard","meta":{"wpai_generated_summary":"","wpai_meta_description":"","footnotes":""},"categories":[127],"tags":[],"class_list":["post-5578","post","type-post","status-publish","format-standard","has-post-thumbnail","hentry","category-ayuntamiento-de-arucas"],"_links":{"self":[{"href":"https:\/\/nublo.tv\/index.php\/wp-json\/wp\/v2\/posts\/5578","targetHints":{"allow":["GET"]}}],"collection":[{"href":"https:\/\/nublo.tv\/index.php\/wp-json\/wp\/v2\/posts"}],"about":[{"href":"https:\/\/nublo.tv\/index.php\/wp-json\/wp\/v2\/types\/post"}],"author":[{"embeddable":true,"href":"https:\/\/nublo.tv\/index.php\/wp-json\/wp\/v2\/users\/1"}],"replies":[{"embeddable":true,"href":"https:\/\/nublo.tv\/index.php\/wp-json\/wp\/v2\/comments?post=5578"}],"version-history":[{"count":2,"href":"https:\/\/nublo.tv\/index.php\/wp-json\/wp\/v2\/posts\/5578\/revisions"}],"predecessor-version":[{"id":5627,"href":"https:\/\/nublo.tv\/index.php\/wp-json\/wp\/v2\/posts\/5578\/revisions\/5627"}],"wp:featuredmedia":[{"embeddable":true,"href":"https:\/\/nublo.tv\/index.php\/wp-json\/wp\/v2\/media\/5617"}],"wp:attachment":[{"href":"https:\/\/nublo.tv\/index.php\/wp-json\/wp\/v2\/media?parent=5578"}],"wp:term":[{"taxonomy":"category","embeddable":true,"href":"https:\/\/nublo.tv\/index.php\/wp-json\/wp\/v2\/categories?post=5578"},{"taxonomy":"post_tag","embeddable":true,"href":"https:\/\/nublo.tv\/index.php\/wp-json\/wp\/v2\/tags?post=5578"}],"curies":[{"name":"wp","href":"https:\/\/api.w.org\/{rel}","templated":true}]}}