{"id":5582,"date":"2026-08-26T20:09:30","date_gmt":"2026-08-26T19:09:30","guid":{"rendered":"https:\/\/nublo.tv\/?p=5582"},"modified":"2026-08-26T20:09:30","modified_gmt":"2026-08-26T19:09:30","slug":"cuenta-atras-para-la-v-edicion-del-rallysprint-ciudad-de-arucas","status":"publish","type":"post","link":"https:\/\/nublo.tv\/index.php\/2026\/08\/26\/cuenta-atras-para-la-v-edicion-del-rallysprint-ciudad-de-arucas\/","title":{"rendered":"Cuenta atr\u00e1s para la V Edici\u00f3n del Rallysprint Ciudad de Arucas"},"content":{"rendered":"<p><strong>La quinta edici\u00f3n del Rallysprint Ciudad de Arucas se celebrar\u00e1 los d\u00edas 28 y 29 de agosto con un nuevo tramo cronometrado in\u00e9dito que atravesar\u00e1 el cruce de Los Chorros.<\/strong><\/p>\n<p>La prueba automovil\u00edstica, organizada por FanMotor, se desarrollar\u00e1 en Arucas desde el viernes 28 hasta el s\u00e1bado 29 de agosto. Ma\u00f1ana martes, 25 de agosto, la organizaci\u00f3n publicar\u00e1 la lista oficial de los inscritos. Los participantes tendr\u00e1n su primera cita el viernes, 27 de agosto, a partir de las 16:00 horas, en la zona deportiva Antonio Afonso Moreno \u201cTonono\u201d, donde se someter\u00e1n a las verificaciones administrativas y t\u00e9cnicas de la prueba.<\/p>\n<h3>Desarrollo de la competici\u00f3n<\/h3>\n<p>La competici\u00f3n se desarrollar\u00e1 el s\u00e1bado, 29 de agosto, y comenzar\u00e1 a las 8:20 horas de la ma\u00f1ana con el tramo Santidad Alta \u2013 La Cruz, un recorrido de 7,39 kil\u00f3metros que, a partir de las 12:15 horas, los pilotos recorrer\u00e1n en sentido inverso, La Cruz \u2013 Santidad Alta.<\/p>\n<p>La entrega de trofeos del rallysprint se realizar\u00e1 en la zona deportiva Antonio Afonso Moreno \u201cTonono\u201d. Esta prueba constituye una de las tres \u00faltimas citas del calendario regional y la pen\u00faltima a nivel provincial, por lo que resulta decisiva para la definici\u00f3n de los t\u00edtulos de la temporada 2026.<\/p>\n<p>El V Rallysprint Ciudad de Arucas cuenta con el apoyo institucional del Ayuntamiento de Arucas, la Consejer\u00eda de Deportes del Cabildo de Gran Canaria, el Gobierno de Canarias y empresarios locales e insulares.<\/p>\n","protected":false},"excerpt":{"rendered":"<p>La competici\u00f3n estrena tramo cronometrado y se celebrar\u00e1 el 28 y 29 de agosto. La prueba automovil\u00edstica aterriza en Arucas el pr\u00f3ximo viernes, 28 de agosto y se desarrollar\u00e1 hasta&hellip;<\/p>\n","protected":false},"author":1,"featured_media":5607,"comment_status":"open","ping_status":"open","sticky":false,"template":"","format":"standard","meta":{"wpai_generated_summary":"","wpai_meta_description":"","footnotes":""},"categories":[127],"tags":[],"class_list":["post-5582","post","type-post","status-publish","format-standard","has-post-thumbnail","hentry","category-ayuntamiento-de-arucas"],"_links":{"self":[{"href":"https:\/\/nublo.tv\/index.php\/wp-json\/wp\/v2\/posts\/5582","targetHints":{"allow":["GET"]}}],"collection":[{"href":"https:\/\/nublo.tv\/index.php\/wp-json\/wp\/v2\/posts"}],"about":[{"href":"https:\/\/nublo.tv\/index.php\/wp-json\/wp\/v2\/types\/post"}],"author":[{"embeddable":true,"href":"https:\/\/nublo.tv\/index.php\/wp-json\/wp\/v2\/users\/1"}],"replies":[{"embeddable":true,"href":"https:\/\/nublo.tv\/index.php\/wp-json\/wp\/v2\/comments?post=5582"}],"version-history":[{"count":2,"href":"https:\/\/nublo.tv\/index.php\/wp-json\/wp\/v2\/posts\/5582\/revisions"}],"predecessor-version":[{"id":5622,"href":"https:\/\/nublo.tv\/index.php\/wp-json\/wp\/v2\/posts\/5582\/revisions\/5622"}],"wp:featuredmedia":[{"embeddable":true,"href":"https:\/\/nublo.tv\/index.php\/wp-json\/wp\/v2\/media\/5607"}],"wp:attachment":[{"href":"https:\/\/nublo.tv\/index.php\/wp-json\/wp\/v2\/media?parent=5582"}],"wp:term":[{"taxonomy":"category","embeddable":true,"href":"https:\/\/nublo.tv\/index.php\/wp-json\/wp\/v2\/categories?post=5582"},{"taxonomy":"post_tag","embeddable":true,"href":"https:\/\/nublo.tv\/index.php\/wp-json\/wp\/v2\/tags?post=5582"}],"curies":[{"name":"wp","href":"https:\/\/api.w.org\/{rel}","templated":true}]}}