{"id":5584,"date":"2026-08-26T20:09:33","date_gmt":"2026-08-26T19:09:33","guid":{"rendered":"https:\/\/nublo.tv\/?p=5584"},"modified":"2026-08-26T20:09:33","modified_gmt":"2026-08-26T19:09:33","slug":"arucas-homenajea-al-teniente-de-la-guardia-civil-angel-gabriel-chico-antes-de-su-traslado-a-salamanca","status":"publish","type":"post","link":"https:\/\/nublo.tv\/index.php\/2026\/08\/26\/arucas-homenajea-al-teniente-de-la-guardia-civil-angel-gabriel-chico-antes-de-su-traslado-a-salamanca\/","title":{"rendered":"Arucas homenajea al teniente de la Guardia Civil \u00c1ngel Gabriel Chico antes de su traslado a Salamanca"},"content":{"rendered":"<p><strong>El Ayuntamiento de Arucas ha celebrado este viernes un acto de reconocimiento al teniente de la Guardia Civil \u00c1ngel Gabriel Chico Plaza, destinando en el municipio desde 2023, con motivo de su pr\u00f3ximo traslado en comisi\u00f3n de servicio.<\/strong><\/p>\n<p>El alcalde de Arucas, Juan Jes\u00fas Facundo, junto con los concejales \u00d3liver Armas, Sebasti\u00e1n Guerra y Jos\u00e9 Lorenzo Montesdeoca, le ha entregado una placa conmemorativa. Con este galard\u00f3n se distingue su profesionalidad y firme vocaci\u00f3n de servicio p\u00fablico, elementos considerados determinantes para salvaguardar la seguridad y el bienestar de la ciudadan\u00eda del municipio.<\/p>\n<p>Arucas ha sido el primer destino de \u00c1ngel Gabriel Chico desde que ejerce all\u00ed en 2023. Pr\u00f3ximamente, desempe\u00f1ar\u00e1 en comisi\u00f3n de servicio las funciones de piloto de aviones de la Guardia Civil en Salamanca. En dicha ciudad realizar\u00e1 un curso espec\u00edfico, tras haber ocupado una de las dos plazas disponibles para esta formaci\u00f3n a\u00e9rea.<\/p>\n<p>Durante el acto, el alcalde de Arucas le ha expresado, en nombre de todo el municipio, su agradecimiento por el excelente trabajo realizado durante estos a\u00f1os, destacando la permanente colaboraci\u00f3n mantenida con el Ayuntamiento.<\/p>\n","protected":false},"excerpt":{"rendered":"<p>\u00c1ngel Gabriel Chico Plaza realiza sus servicios en Arucas desde 2023. Este viernes, se ha celebrado en el Ayuntamiento de Arucas un acto de reconocimiento al Teniente de la Guardia&hellip;<\/p>\n","protected":false},"author":1,"featured_media":5609,"comment_status":"open","ping_status":"open","sticky":false,"template":"","format":"standard","meta":{"wpai_generated_summary":"","wpai_meta_description":"","footnotes":""},"categories":[127],"tags":[],"class_list":["post-5584","post","type-post","status-publish","format-standard","has-post-thumbnail","hentry","category-ayuntamiento-de-arucas"],"_links":{"self":[{"href":"https:\/\/nublo.tv\/index.php\/wp-json\/wp\/v2\/posts\/5584","targetHints":{"allow":["GET"]}}],"collection":[{"href":"https:\/\/nublo.tv\/index.php\/wp-json\/wp\/v2\/posts"}],"about":[{"href":"https:\/\/nublo.tv\/index.php\/wp-json\/wp\/v2\/types\/post"}],"author":[{"embeddable":true,"href":"https:\/\/nublo.tv\/index.php\/wp-json\/wp\/v2\/users\/1"}],"replies":[{"embeddable":true,"href":"https:\/\/nublo.tv\/index.php\/wp-json\/wp\/v2\/comments?post=5584"}],"version-history":[{"count":2,"href":"https:\/\/nublo.tv\/index.php\/wp-json\/wp\/v2\/posts\/5584\/revisions"}],"predecessor-version":[{"id":5623,"href":"https:\/\/nublo.tv\/index.php\/wp-json\/wp\/v2\/posts\/5584\/revisions\/5623"}],"wp:featuredmedia":[{"embeddable":true,"href":"https:\/\/nublo.tv\/index.php\/wp-json\/wp\/v2\/media\/5609"}],"wp:attachment":[{"href":"https:\/\/nublo.tv\/index.php\/wp-json\/wp\/v2\/media?parent=5584"}],"wp:term":[{"taxonomy":"category","embeddable":true,"href":"https:\/\/nublo.tv\/index.php\/wp-json\/wp\/v2\/categories?post=5584"},{"taxonomy":"post_tag","embeddable":true,"href":"https:\/\/nublo.tv\/index.php\/wp-json\/wp\/v2\/tags?post=5584"}],"curies":[{"name":"wp","href":"https:\/\/api.w.org\/{rel}","templated":true}]}}