{"id":5586,"date":"2026-08-26T20:09:37","date_gmt":"2026-08-26T19:09:37","guid":{"rendered":"https:\/\/nublo.tv\/?p=5586"},"modified":"2026-08-26T20:09:37","modified_gmt":"2026-08-26T19:09:37","slug":"el-ayuntamiento-de-arucas-abre-en-septiembre-la-campana-de-ayudas-para-material-escolar-libros-de-texto-y-uniformes","status":"publish","type":"post","link":"https:\/\/nublo.tv\/index.php\/2026\/08\/26\/el-ayuntamiento-de-arucas-abre-en-septiembre-la-campana-de-ayudas-para-material-escolar-libros-de-texto-y-uniformes\/","title":{"rendered":"El Ayuntamiento de Arucas abre en septiembre la campa\u00f1a de ayudas para material escolar, libros de texto y uniformes"},"content":{"rendered":"<p><strong>El Ayuntamiento de Arucas, a trav\u00e9s de la Concejal\u00eda de Servicios Sociales, abrir\u00e1 del 1 de septiembre al 31 de octubre el plazo para solicitar la campa\u00f1a de ayudas de material escolar, libros de texto y uniformes escolares de 2026 en el Centro Municipal de Servicios Sociales.<\/strong><\/p>\n<p>Esta iniciativa busca facilitar el inicio del curso a las familias del municipio con necesidades econ\u00f3micas, contribuyendo a sufragar los gastos de la vuelta a las aulas y posibilitando los recursos necesarios para que ni\u00f1os, ni\u00f1as y adolescentes afronten las clases en igualdad de condiciones.<\/p>\n<p>Desde el \u00e1rea de Servicios Sociales se se\u00f1ala que el inicio del curso supone un esfuerzo econ\u00f3mico importante, por lo que con esta medida se pretende aliviar parte de esa carga y acompa\u00f1ar a los hogares con m\u00e1s dificultades, recordando que la educaci\u00f3n es una herramienta fundamental para lograr una mayor igualdad de oportunidades y evitar que las circunstancias econ\u00f3micas familiares sean una barrera en el desarrollo educativo.<\/p>\n<h3>Plazos, horarios y cita previa<\/h3>\n<p>Las solicitudes podr\u00e1n presentarse de lunes a viernes, en horario de 08:30 a 13:00 horas, en el Centro Municipal de Servicios Sociales, ubicado en la calle M\u00e9dico Anastasio Escudero Ruiz, n\u00famero 3, en la segunda planta.<\/p>\n<p>Para ser atendido ser\u00e1 necesario solicitar cita previa de forma presencial o llamando a los tel\u00e9fonos 928 600 411 y 928 600 350.<\/p>\n","protected":false},"excerpt":{"rendered":"<p>El plazo para presentar las solicitudes permanecer\u00e1 abierto desde el 1 de septiembre al 31 de octubre, en el Centro Municipal de Servicios Sociales. Es necesario solicitar cita previa presencial&hellip;<\/p>\n","protected":false},"author":1,"featured_media":5611,"comment_status":"open","ping_status":"open","sticky":false,"template":"","format":"standard","meta":{"wpai_generated_summary":"","wpai_meta_description":"","footnotes":""},"categories":[127],"tags":[],"class_list":["post-5586","post","type-post","status-publish","format-standard","has-post-thumbnail","hentry","category-ayuntamiento-de-arucas"],"_links":{"self":[{"href":"https:\/\/nublo.tv\/index.php\/wp-json\/wp\/v2\/posts\/5586","targetHints":{"allow":["GET"]}}],"collection":[{"href":"https:\/\/nublo.tv\/index.php\/wp-json\/wp\/v2\/posts"}],"about":[{"href":"https:\/\/nublo.tv\/index.php\/wp-json\/wp\/v2\/types\/post"}],"author":[{"embeddable":true,"href":"https:\/\/nublo.tv\/index.php\/wp-json\/wp\/v2\/users\/1"}],"replies":[{"embeddable":true,"href":"https:\/\/nublo.tv\/index.php\/wp-json\/wp\/v2\/comments?post=5586"}],"version-history":[{"count":2,"href":"https:\/\/nublo.tv\/index.php\/wp-json\/wp\/v2\/posts\/5586\/revisions"}],"predecessor-version":[{"id":5624,"href":"https:\/\/nublo.tv\/index.php\/wp-json\/wp\/v2\/posts\/5586\/revisions\/5624"}],"wp:featuredmedia":[{"embeddable":true,"href":"https:\/\/nublo.tv\/index.php\/wp-json\/wp\/v2\/media\/5611"}],"wp:attachment":[{"href":"https:\/\/nublo.tv\/index.php\/wp-json\/wp\/v2\/media?parent=5586"}],"wp:term":[{"taxonomy":"category","embeddable":true,"href":"https:\/\/nublo.tv\/index.php\/wp-json\/wp\/v2\/categories?post=5586"},{"taxonomy":"post_tag","embeddable":true,"href":"https:\/\/nublo.tv\/index.php\/wp-json\/wp\/v2\/tags?post=5586"}],"curies":[{"name":"wp","href":"https:\/\/api.w.org\/{rel}","templated":true}]}}