{"id":5590,"date":"2026-08-26T20:09:44","date_gmt":"2026-08-26T19:09:44","guid":{"rendered":"https:\/\/nublo.tv\/?p=5590"},"modified":"2026-08-26T20:09:44","modified_gmt":"2026-08-26T19:09:44","slug":"arucas-suma-la-cancha-de-san-fernando-a-su-plan-de-rehabilitacion-de-instalaciones-deportivas","status":"publish","type":"post","link":"https:\/\/nublo.tv\/index.php\/2026\/08\/26\/arucas-suma-la-cancha-de-san-fernando-a-su-plan-de-rehabilitacion-de-instalaciones-deportivas\/","title":{"rendered":"Arucas suma la cancha de San Fernando a su plan de rehabilitaci\u00f3n de instalaciones deportivas"},"content":{"rendered":"<p><strong>El Ayuntamiento de Arucas sacar\u00e1 pr\u00f3ximamente a licitaci\u00f3n p\u00fablica por 89.956,37 euros la rehabilitaci\u00f3n de la cancha deportiva del barrio de San Fernando, una actuaci\u00f3n asumida \u00edntegramente por el consistorio dentro de su plan de infraestructuras.<\/strong><\/p>\n<p>El proyecto contempla la renovaci\u00f3n del \u00e1rea de juego, los cerramientos, la iluminaci\u00f3n y la adecuaci\u00f3n de la red de saneamiento. El plazo de ejecuci\u00f3n estimado, a partir del inicio de las obras, ser\u00e1 de 54 d\u00edas naturales.<\/p>\n<p>Esta intervenci\u00f3n se incluye en el Plan de Barrios y forma parte de las inversiones financieramente sostenibles, al igual que los proyectos de mejora previstos en las canchas de San Andr\u00e9s, Juan XXIII y del campo de f\u00fatbol El\u00edas Rizkallal.<\/p>\n<p>Desde el consistorio se se\u00f1ala que esta actuaci\u00f3n responde a la demanda de la ciudadan\u00eda y a las pol\u00edticas orientadas a fomentar la salud, la cohesi\u00f3n social y la pr\u00e1ctica del deporte.<\/p>\n","protected":false},"excerpt":{"rendered":"<p>El Ayuntamiento afronta \u00edntegramente la mejora, incluida en el Plan de Barrios. El Ayuntamiento de Arucas contin\u00faa avanzando en su compromiso de rehabilitar las infraestructuras deportivas del municipio. A los&hellip;<\/p>\n","protected":false},"author":1,"featured_media":5615,"comment_status":"open","ping_status":"open","sticky":false,"template":"","format":"standard","meta":{"wpai_generated_summary":"","wpai_meta_description":"","footnotes":""},"categories":[127],"tags":[],"class_list":["post-5590","post","type-post","status-publish","format-standard","has-post-thumbnail","hentry","category-ayuntamiento-de-arucas"],"_links":{"self":[{"href":"https:\/\/nublo.tv\/index.php\/wp-json\/wp\/v2\/posts\/5590","targetHints":{"allow":["GET"]}}],"collection":[{"href":"https:\/\/nublo.tv\/index.php\/wp-json\/wp\/v2\/posts"}],"about":[{"href":"https:\/\/nublo.tv\/index.php\/wp-json\/wp\/v2\/types\/post"}],"author":[{"embeddable":true,"href":"https:\/\/nublo.tv\/index.php\/wp-json\/wp\/v2\/users\/1"}],"replies":[{"embeddable":true,"href":"https:\/\/nublo.tv\/index.php\/wp-json\/wp\/v2\/comments?post=5590"}],"version-history":[{"count":2,"href":"https:\/\/nublo.tv\/index.php\/wp-json\/wp\/v2\/posts\/5590\/revisions"}],"predecessor-version":[{"id":5626,"href":"https:\/\/nublo.tv\/index.php\/wp-json\/wp\/v2\/posts\/5590\/revisions\/5626"}],"wp:featuredmedia":[{"embeddable":true,"href":"https:\/\/nublo.tv\/index.php\/wp-json\/wp\/v2\/media\/5615"}],"wp:attachment":[{"href":"https:\/\/nublo.tv\/index.php\/wp-json\/wp\/v2\/media?parent=5590"}],"wp:term":[{"taxonomy":"category","embeddable":true,"href":"https:\/\/nublo.tv\/index.php\/wp-json\/wp\/v2\/categories?post=5590"},{"taxonomy":"post_tag","embeddable":true,"href":"https:\/\/nublo.tv\/index.php\/wp-json\/wp\/v2\/tags?post=5590"}],"curies":[{"name":"wp","href":"https:\/\/api.w.org\/{rel}","templated":true}]}}