{"id":5594,"date":"2026-08-26T20:09:22","date_gmt":"2026-08-26T19:09:22","guid":{"rendered":"https:\/\/nublo.tv\/?p=5594"},"modified":"2026-08-26T20:09:22","modified_gmt":"2026-08-26T19:09:22","slug":"comienza-en-arucas-el-programa-de-fomento-del-empleo-agrario-2026","status":"publish","type":"post","link":"https:\/\/nublo.tv\/index.php\/2026\/08\/26\/comienza-en-arucas-el-programa-de-fomento-del-empleo-agrario-2026\/","title":{"rendered":"Comienza en Arucas el Programa de Fomento del Empleo Agrario 2026"},"content":{"rendered":"<p><strong>El Centro de Formaci\u00f3n La Carpinter\u00eda de Arucas ha acogido este lunes el inicio del programa \u201cSenderos y V\u00edas de Arucas, 2026\u201d, una iniciativa orientada a formar a profesionales agrarios para realizar labores de desbroce y limpieza en el municipio durante tres meses.<\/strong><\/p>\n<p>A la presentaci\u00f3n de la formaci\u00f3n acudieron los concejales titulares de las \u00e1reas de Presidencia y Desarrollo Local, Parques y Jardines, Aguas y Transporte del Ayuntamiento de Arucas.<\/p>\n<p>El proyecto, que tiene car\u00e1cter anual y una duraci\u00f3n de tres meses, est\u00e1 financiado por la Direcci\u00f3n Provincial del Servicio P\u00fablico de Empleo Estatal de Las Palmas (SEPE) mediante una subvenci\u00f3n de 98.909,01 euros, a lo que se suma una aportaci\u00f3n municipal de 3.471,16 euros por parte del Ayuntamiento de Arucas.<\/p>\n<p>En esta edici\u00f3n participan catorce peones agr\u00edcolas y dos oficiales de jardiner\u00eda, los cuales han sido seleccionados previamente entre los candidatos del Servicio Canario de Empleo. Una vez finalizada su formaci\u00f3n, los trabajadores ser\u00e1n asignados a la Concejal\u00eda de Limpieza.<\/p>\n","protected":false},"excerpt":{"rendered":"<p>La formaci\u00f3n, subvencionada por el Servicio P\u00fablico de Empleo Estatal, tendr\u00e1 una duraci\u00f3n de tres meses. Este lunes ha comenzado en el Centro de Formaci\u00f3n La Carpinter\u00eda, en Arucas, el&hellip;<\/p>\n","protected":false},"author":1,"featured_media":5601,"comment_status":"open","ping_status":"open","sticky":false,"template":"","format":"standard","meta":{"wpai_generated_summary":"","wpai_meta_description":"","footnotes":""},"categories":[127],"tags":[],"class_list":["post-5594","post","type-post","status-publish","format-standard","has-post-thumbnail","hentry","category-ayuntamiento-de-arucas"],"_links":{"self":[{"href":"https:\/\/nublo.tv\/index.php\/wp-json\/wp\/v2\/posts\/5594","targetHints":{"allow":["GET"]}}],"collection":[{"href":"https:\/\/nublo.tv\/index.php\/wp-json\/wp\/v2\/posts"}],"about":[{"href":"https:\/\/nublo.tv\/index.php\/wp-json\/wp\/v2\/types\/post"}],"author":[{"embeddable":true,"href":"https:\/\/nublo.tv\/index.php\/wp-json\/wp\/v2\/users\/1"}],"replies":[{"embeddable":true,"href":"https:\/\/nublo.tv\/index.php\/wp-json\/wp\/v2\/comments?post=5594"}],"version-history":[{"count":2,"href":"https:\/\/nublo.tv\/index.php\/wp-json\/wp\/v2\/posts\/5594\/revisions"}],"predecessor-version":[{"id":5619,"href":"https:\/\/nublo.tv\/index.php\/wp-json\/wp\/v2\/posts\/5594\/revisions\/5619"}],"wp:featuredmedia":[{"embeddable":true,"href":"https:\/\/nublo.tv\/index.php\/wp-json\/wp\/v2\/media\/5601"}],"wp:attachment":[{"href":"https:\/\/nublo.tv\/index.php\/wp-json\/wp\/v2\/media?parent=5594"}],"wp:term":[{"taxonomy":"category","embeddable":true,"href":"https:\/\/nublo.tv\/index.php\/wp-json\/wp\/v2\/categories?post=5594"},{"taxonomy":"post_tag","embeddable":true,"href":"https:\/\/nublo.tv\/index.php\/wp-json\/wp\/v2\/tags?post=5594"}],"curies":[{"name":"wp","href":"https:\/\/api.w.org\/{rel}","templated":true}]}}