{"id":5596,"date":"2026-08-26T20:11:04","date_gmt":"2026-08-26T19:11:04","guid":{"rendered":"https:\/\/nublo.tv\/?p=5596"},"modified":"2026-08-26T20:11:04","modified_gmt":"2026-08-26T19:11:04","slug":"arucas-licitara-la-rehabilitacion-integral-de-la-cancha-municipal-en-juan-xxiii-por-442-549-euros","status":"publish","type":"post","link":"https:\/\/nublo.tv\/index.php\/2026\/08\/26\/arucas-licitara-la-rehabilitacion-integral-de-la-cancha-municipal-en-juan-xxiii-por-442-549-euros\/","title":{"rendered":"Arucas licitar\u00e1 la rehabilitaci\u00f3n integral de la cancha municipal en Juan XXIII por 442.549 euros"},"content":{"rendered":"<p><strong>El Ayuntamiento de Arucas abrir\u00e1 pr\u00f3ximamente el proceso de licitaci\u00f3n p\u00fablica para la renovaci\u00f3n completa de la cancha municipal del barrio Juan XXIII, con un presupuesto de 442.549,33 euros financiado \u00edntegramente con fondos municipales.<\/strong><\/p>\n<p>La actuaci\u00f3n est\u00e1 gestionada a trav\u00e9s del \u00e1rea de Deportes y forma parte de las inversiones financieramente sostenibles de la corporaci\u00f3n municipal.<\/p>\n<h3>Detalles de la reforma<\/h3>\n<p>El proyecto contempla la actualizaci\u00f3n de la instalaci\u00f3n de recogida, canalizaci\u00f3n y evacuaci\u00f3n de aguas pluviales, la sustituci\u00f3n del pavimento y el cambio del vallado perimetral.<\/p>\n<p>Asimismo, se rehabilitar\u00e1 el grader\u00edo existente y se ejecutar\u00e1 una rampa de acceso para personas con movilidad reducida, lo que requerir\u00e1 demoler el muro Este y de forma parcial los muros de los per\u00edmetros Norte y Oeste.<\/p>\n","protected":false},"excerpt":{"rendered":"<p>La reforma completa, presupuestada en 442.549,33 euros, se realizar\u00e1 \u00edntegramente con fondos municipales. El Ayuntamiento de Arucas, a trav\u00e9s del \u00e1rea de Deportes, abrir\u00e1 pr\u00f3ximamente el proceso de licitaci\u00f3n p\u00fablica&hellip;<\/p>\n","protected":false},"author":1,"featured_media":5629,"comment_status":"open","ping_status":"open","sticky":false,"template":"","format":"standard","meta":{"wpai_generated_summary":"","wpai_meta_description":"","footnotes":""},"categories":[127],"tags":[],"class_list":["post-5596","post","type-post","status-publish","format-standard","has-post-thumbnail","hentry","category-ayuntamiento-de-arucas"],"_links":{"self":[{"href":"https:\/\/nublo.tv\/index.php\/wp-json\/wp\/v2\/posts\/5596","targetHints":{"allow":["GET"]}}],"collection":[{"href":"https:\/\/nublo.tv\/index.php\/wp-json\/wp\/v2\/posts"}],"about":[{"href":"https:\/\/nublo.tv\/index.php\/wp-json\/wp\/v2\/types\/post"}],"author":[{"embeddable":true,"href":"https:\/\/nublo.tv\/index.php\/wp-json\/wp\/v2\/users\/1"}],"replies":[{"embeddable":true,"href":"https:\/\/nublo.tv\/index.php\/wp-json\/wp\/v2\/comments?post=5596"}],"version-history":[{"count":4,"href":"https:\/\/nublo.tv\/index.php\/wp-json\/wp\/v2\/posts\/5596\/revisions"}],"predecessor-version":[{"id":5630,"href":"https:\/\/nublo.tv\/index.php\/wp-json\/wp\/v2\/posts\/5596\/revisions\/5630"}],"wp:featuredmedia":[{"embeddable":true,"href":"https:\/\/nublo.tv\/index.php\/wp-json\/wp\/v2\/media\/5629"}],"wp:attachment":[{"href":"https:\/\/nublo.tv\/index.php\/wp-json\/wp\/v2\/media?parent=5596"}],"wp:term":[{"taxonomy":"category","embeddable":true,"href":"https:\/\/nublo.tv\/index.php\/wp-json\/wp\/v2\/categories?post=5596"},{"taxonomy":"post_tag","embeddable":true,"href":"https:\/\/nublo.tv\/index.php\/wp-json\/wp\/v2\/tags?post=5596"}],"curies":[{"name":"wp","href":"https:\/\/api.w.org\/{rel}","templated":true}]}}