{"id":56,"date":"2026-08-04T17:37:06","date_gmt":"2026-08-04T16:37:06","guid":{"rendered":"https:\/\/nublo.tv\/?p=56"},"modified":"2026-08-04T17:37:06","modified_gmt":"2026-08-04T16:37:06","slug":"galdar-revive-la-ancestral-fiesta-de-la-cosecha-con-el-benesmer-2026-del-6-al-8-de-agosto","status":"publish","type":"post","link":"https:\/\/nublo.tv\/index.php\/2026\/08\/04\/galdar-revive-la-ancestral-fiesta-de-la-cosecha-con-el-benesmer-2026-del-6-al-8-de-agosto\/","title":{"rendered":"G\u00e1ldar revive la ancestral \u2018Fiesta de la Cosecha\u2019 con el Be\u00f1esmer 2026 del 6 al 8 de agosto"},"content":{"rendered":"<p>\u2013 Los d\u00edas 6, 7 y 8 de agosto, la Plaza Mr. Leacock, Bocabarranco y el Centro de Interpretaci\u00f3n La Guancha, acoger\u00e1n tres jornadas de tradici\u00f3n, reflexi\u00f3n y patrimonio.<\/p>\n<p>El barrio costero de El Agujero volver\u00e1 a convertirse en el escenario por excelencia de la cultura y el patrimonio canario con la celebraci\u00f3n de una nueva edici\u00f3n del Festival Be\u00f1esmer, que tendr\u00e1 lugar los d\u00edas 6, 7 y 8 de agosto de 2026. Inspirado en la ancestral \u2018Fiesta de la Cosecha\u2019, en la que los antiguos canarios agradec\u00edan a la tierra los frutos recogidos bajo la luna de agosto, el Be\u00f1esmer presenta este a\u00f1o una programaci\u00f3n diversa que combina cultura, reflexi\u00f3n, tradici\u00f3n y divulgaci\u00f3n.<\/p>\n<p>El festival, organizado por el Ayuntamiento de G\u00e1ldar a trav\u00e9s de la Concejal\u00eda de Identidad que dirige Carlos Ruiz Moreno, estrena en esta edici\u00f3n el Centro de Interpretaci\u00f3n La Guancha como nuevo escenario. Este espacio inaugurar\u00e1 la programaci\u00f3n con m\u00fasica en vivo y albergar\u00e1 el \u2018Be\u00f1esmer Chinijo\u2019, una iniciativa que enriquece la oferta cultural y ampl\u00eda las actividades dirigidas al p\u00fablico infantil y familiar.<\/p>\n<p>La Plaza Mr. Leacock acoger\u00e1 el grueso de las actividades del s\u00e1bado 8 de agosto, jornada que concentra la mayor parte de la programaci\u00f3n dise\u00f1ada para todos los p\u00fablicos, caracterizada por su gran diversidad tem\u00e1tica, la divulgaci\u00f3n cient\u00edfica y el pasado y presente de la cultura canaria.<\/p>\n<p>El festival dar\u00e1 comienzo el jueves 6 de agosto a las 20:00 horas en el Centro de Interpretaci\u00f3n La Guancha con la participaci\u00f3n del reconocido investigador Rum\u00e9n Sosa, quien impartir\u00e1 la charla \u2018\u00bfQu\u00e9 es el Be\u00f1esmer?\u2019. Esta antesala servir\u00e1 para introducir al p\u00fablico en el significado y la importancia de esta festividad ancestral canaria. A continuaci\u00f3n, la actuaci\u00f3n de Generaci\u00f3n del 21, agrupaci\u00f3n de j\u00f3venes canarios comprometidos con el arte y la cultura, pondr\u00e1 el broche de oro a la inauguraci\u00f3n.<\/p>\n<p>El  viernes 7 de agosto, el programa arranca a las 19:00 horas con la proyecci\u00f3n del cortometraje \u2018Pervivencia\u2019, un trabajo de Alberto Garc\u00eda Miranda y Almudena Ruiz Rey, en el que rinden homenaje a las mujeres de poder que han sufrido persecuci\u00f3n y muerte.<\/p>\n<p>El mismo viernes, de 19:30 a 21:30 horas, la investigaci\u00f3n y el humor se unen con el podcast \u2018Solo Palique de Be\u00f1esmer\u2019, con la participaci\u00f3n de invitados especiales como Idaira Brito, Eliezer Medina, Clara D\u00edaz y Juan Francisco Betancort. Este espacio est\u00e1 dirigido por los integrantes del podcast de humor Solo Palique, un referente de la comedia en Canarias.<\/p>\n<p>La jornada concluir\u00e1 de 21:30 a 22:30 horas con una visita al Centro de Interpretaci\u00f3n La Guancha acompa\u00f1ada de una actividad astron\u00f3mica, para la que ser\u00e1 necesaria inscripci\u00f3n previa en entradas.galdar.es. <\/p>\n<p>El s\u00e1bado 8 de agosto ser\u00e1 la jornada m\u00e1s intensa del festival. De 10:00 a 19:00 horas se desarrollar\u00e1 la Feria de Artesan\u00eda en la Plaza Mr. Leacock. Por la ma\u00f1ana, de 10:00 a 11:00 horas, se realizar\u00e1 una visita guiada a los yacimientos de Bocabarranco y El Agujero (con inscripci\u00f3n previa en entradas.galdar.es). Simult\u00e1neamente, de 10:00 a 12:30 horas, tendr\u00e1 lugar el taller y muestra de Bola Canaria a cargo del colectivo Engaliate. A las 10:50 horas, la escritora y poeta Teresa Gubern presentar\u00e1 \u2018Hab\u00eda una vez un isle\u00f1o\u2019.<\/p>\n<p>De 11:00 a 12:00 horas se desarrollar\u00e1n dos actividades paralelas. Los \u2018Encuentros lanares con los or\u00edgenes\u2019 impartido por la tejedora Fabiola Santana P\u00e9rez y el Encuentro de Juego del Palo Canario una disciplina declarada Bien de Inter\u00e9s Cultural (BIC) en El Hierro y Gran Canaria y que reunir\u00e1 muestras de ambas islas, as\u00ed como Lanzarote, Fuerteventura y Tenerife. A las 12:00 horas, Teresa Gubern presentar\u00e1 \u2018No me quejo\u2019, seguido del ya cl\u00e1sico Tagoror 15\u2019 bajo el t\u00edtulo \u2018De aquellos polvos, estos lodos: la impronta del colonialismo en la Canarias del presente\u2019.<\/p>\n<p>Tras el descanso para el almuerzo, la tarde comenzar\u00e1 a las 16:00 horas con una segunda visita guiada a los yacimientos de Bocabarranco y El Agujero (con inscripci\u00f3n previa) y el taller \u2018Hoy les vengo a contar la historia\u2019, con la intervenci\u00f3n de Teresa Gubern; junto al taller de silbado de la Asociaci\u00f3n Yo Silbo. De 17:00 a 18:00 horas se desarrollar\u00e1n los talleres de juego del palo \u2018Levantamiento del Arado\u2019 con Juanfra \u00abHijo de Pepe el arado\u00bb, mientras que simult\u00e1neamente tendr\u00e1 lugar \u00abYuPa Fantasy: YuPaventuras\u00bb, cuentacuentos a cargo de Paula y Yudeyna, y el taller de escritura amazigh con Rum\u00e9n Sosa, junto a \u2018Hoy les vengo a hablar de vocablos\u2019 de Teresa Gubern.<\/p>\n<p>La tarde continuar\u00e1 de 18:00 a 20:00 horas con la segunda sesi\u00f3n de \u2018Encuentros lanares con los or\u00edgenes\u2019 con la tejedora y tintorera Fabiola Santana P\u00e9rez. De 18:00 a 19:00 se realizar\u00e1 el taller de \u2018Pintura con Pigmentos Naturales: El almagre canario y su historia\u2019 impartido por Mujer Caracol. La m\u00fasica y expresi\u00f3n art\u00edstica colectiva a trav\u00e9s del baile tradicional forma parte del programa con la actuaci\u00f3n del colectivo Tambor de Cabra en la misma franja horaria. A las 19:00 horas, vuelve Teresa Gubern con la presentaci\u00f3n de \u2018Llevo mar\u2019 junto al humorista David Garc\u00eda. La jornada, y el festival, cierra a las 20:00 horas con el concierto de la artista canaria Raquel Molina, quien ha centrado su propuesta musical en las ra\u00edces canarias.<\/p>\n<p>Be\u00f1esmer Chinijo en el Centro de Interpretaci\u00f3n La Guancha<\/p>\n<p>Como eje vertebrador de la programaci\u00f3n familiar, el espacio \u2018Be\u00f1esmer Chinijo\u2019, ubicado en el Centro de Interpretaci\u00f3n La Guancha, acoge un bloque de actividades que acercan el patrimonio a los m\u00e1s peque\u00f1os. Bajo este sello, la artesana Fabiola Santana P\u00e9rez impartir\u00e1 los \u2018Encuentros lanares con los or\u00edgenes\u2019, mientras que Yudeyna, junto a Paula, protagonizar\u00e1 \u2018YuPa Fantasy: YuPaventuras\u2019, una din\u00e1mica sesi\u00f3n de cuentacuentos. A estas propuestas se suma el taller de \u2018Pintura con Pigmentos Naturales: El almagre canario y su historia\u2019, a cargo de Saray (Mujer Caracol), completando as\u00ed una oferta educativa y l\u00fadica que reivindica los saberes ancestrales desde la creatividad, el juego y la recuperaci\u00f3n de las ra\u00edces canarias.<\/p>\n","protected":false},"excerpt":{"rendered":"<p>\u2013 Los d\u00edas 6, 7 y 8 de agosto, la Plaza Mr. Leacock, Bocabarranco y el Centro de Interpretaci\u00f3n La Guancha, acoger\u00e1n tres jornadas de tradici\u00f3n, reflexi\u00f3n y patrimonio.El barrio&hellip;<\/p>\n","protected":false},"author":2,"featured_media":57,"comment_status":"open","ping_status":"open","sticky":false,"template":"","format":"standard","meta":{"wpai_generated_summary":"","wpai_meta_description":"","footnotes":""},"categories":[129],"tags":[],"class_list":["post-56","post","type-post","status-publish","format-standard","has-post-thumbnail","hentry","category-ayuntamiento-de-galdar"],"_links":{"self":[{"href":"https:\/\/nublo.tv\/index.php\/wp-json\/wp\/v2\/posts\/56","targetHints":{"allow":["GET"]}}],"collection":[{"href":"https:\/\/nublo.tv\/index.php\/wp-json\/wp\/v2\/posts"}],"about":[{"href":"https:\/\/nublo.tv\/index.php\/wp-json\/wp\/v2\/types\/post"}],"author":[{"embeddable":true,"href":"https:\/\/nublo.tv\/index.php\/wp-json\/wp\/v2\/users\/2"}],"replies":[{"embeddable":true,"href":"https:\/\/nublo.tv\/index.php\/wp-json\/wp\/v2\/comments?post=56"}],"version-history":[{"count":1,"href":"https:\/\/nublo.tv\/index.php\/wp-json\/wp\/v2\/posts\/56\/revisions"}],"predecessor-version":[{"id":558,"href":"https:\/\/nublo.tv\/index.php\/wp-json\/wp\/v2\/posts\/56\/revisions\/558"}],"wp:featuredmedia":[{"embeddable":true,"href":"https:\/\/nublo.tv\/index.php\/wp-json\/wp\/v2\/media\/57"}],"wp:attachment":[{"href":"https:\/\/nublo.tv\/index.php\/wp-json\/wp\/v2\/media?parent=56"}],"wp:term":[{"taxonomy":"category","embeddable":true,"href":"https:\/\/nublo.tv\/index.php\/wp-json\/wp\/v2\/categories?post=56"},{"taxonomy":"post_tag","embeddable":true,"href":"https:\/\/nublo.tv\/index.php\/wp-json\/wp\/v2\/tags?post=56"}],"curies":[{"name":"wp","href":"https:\/\/api.w.org\/{rel}","templated":true}]}}