{"id":5700,"date":"2026-08-26T22:44:22","date_gmt":"2026-08-26T21:44:22","guid":{"rendered":"https:\/\/nublo.tv\/?p=5700"},"modified":"2026-08-26T22:44:22","modified_gmt":"2026-08-26T21:44:22","slug":"la-inocencia-de-los-mas-pequenos-impregna-barrial-de-tradicion-con-la-ramilla","status":"publish","type":"post","link":"https:\/\/nublo.tv\/index.php\/2026\/08\/26\/la-inocencia-de-los-mas-pequenos-impregna-barrial-de-tradicion-con-la-ramilla\/","title":{"rendered":"La inocencia de los m\u00e1s peque\u00f1os impregna Barrial de tradici\u00f3n con La Ramilla"},"content":{"rendered":"<p>Las Fiestas en honor a Nuestra Se\u00f1ora de los Desamparados de Barrial vivieron este mi\u00e9rcoles 26 de agosto una jornada especialmente dedicada a los ni\u00f1os y ni\u00f1as, con la celebraci\u00f3n de La Ramilla, una cita que volvi\u00f3 a reunir tradici\u00f3n, m\u00fasica, diversi\u00f3n y convivencia familiar.<\/p>\n<p>La tarde comenz\u00f3 a las 18:30 horas, en el frontis de la iglesia de Barrial, con una participaci\u00f3n destacada de ni\u00f1os, ni\u00f1as y familias que se sumaron a una celebraci\u00f3n concebida para acercar a las nuevas generaciones al esp\u00edritu de La Rama, una de las tradiciones que forman parte de la identidad festiva del barrio.<\/p>\n<p>Los papag\u00fcevos y la charanga Vitamina Band acompa\u00f1aron La Ramilla, poniendo m\u00fasica y animaci\u00f3n a una tarde en la que los m\u00e1s peque\u00f1os fueron los grandes protagonistas. Las calles de Barrial se llenaron de ambiente festivo mientras las familias acompa\u00f1aban una celebraci\u00f3n que permite a las nuevas generaciones conocer y disfrutar de una tradici\u00f3n que durante generaciones ha formado parte de las fiestas.<\/p>\n<p>M\u00e1s all\u00e1 de la diversi\u00f3n, La Ramilla representa tambi\u00e9n una forma de transmitir la tradici\u00f3n y garantizar su continuidad. Los ni\u00f1os y ni\u00f1as que hoy participan, bailan y disfrutan de esta celebraci\u00f3n son quienes en el futuro podr\u00e1n tomar el relevo y mantener vivo el esp\u00edritu de La Rama.<\/p>\n<p>El presidente de la A.V. \u201cAmagro\u201d de Barrial, Pepe Garc\u00eda, destac\u00f3 precisamente este car\u00e1cter de continuidad de la celebraci\u00f3n: \u201cLa Ramilla es una manera de acercar a nuestros ni\u00f1os y ni\u00f1as al esp\u00edritu de La Rama, de que la conozcan, la disfruten y la sientan como algo suyo. Queremos que vivan una tarde de alegr\u00eda junto a sus familias, pero tambi\u00e9n que entiendan que ellos son el futuro de nuestras tradiciones\u201d.<\/p>\n<p>La celebraci\u00f3n lleg\u00f3 hasta la Plaza Jos\u00e9 Rodr\u00edguez Quintana, donde los ni\u00f1os y ni\u00f1as participantes pudieron disfrutar de una merienda saludable, un momento para reponer fuerzas y continuar compartiendo una tarde pensada especialmente para ellos.<\/p>\n<p>La programaci\u00f3n continu\u00f3 a las 20:00 horas, en la propia Plaza Jos\u00e9 Rodr\u00edguez Quintana, con La Nueva Cantera, una actuaci\u00f3n protagonizada por las nuevas generaciones que puso el broche a una jornada marcada por la infancia y el futuro de las fiestas.<\/p>\n<p>Para Pepe Garc\u00eda, \u201csi queremos que nuestras tradiciones sigan vivas, tenemos que conseguir que nuestros ni\u00f1os y ni\u00f1as las conozcan y las vivan desde peque\u00f1os. La Ramilla tiene precisamente ese sentido: que puedan disfrutar de La Rama a su manera y que, con el paso de los a\u00f1os, sean ellos quienes sigan manteniendo ese esp\u00edritu\u201d.<\/p>\n<p>La celebraci\u00f3n volvi\u00f3 a poner de manifiesto la capacidad de las fiestas de Barrial para reunir a distintas generaciones en torno a sus tradiciones. Una tarde en la que los ni\u00f1os y ni\u00f1as tuvieron un papel protagonista y en la que la participaci\u00f3n volvi\u00f3 a ser uno de los elementos destacados de la jornada.<\/p>\n<p>La inocencia de los m\u00e1s peque\u00f1os impregn\u00f3 Barrial de tradici\u00f3n, m\u00fasica y alegr\u00eda, demostrando una vez m\u00e1s que las costumbres se mantienen vivas cuando las nuevas generaciones las conocen, las disfrutan y las hacen suyas.<\/p>\n","protected":false},"excerpt":{"rendered":"<p>Las Fiestas en honor a Nuestra Se\u00f1ora de los Desamparados de Barrial vivieron este mi\u00e9rcoles 26 de agosto una jornada especialmente dedicada a los ni\u00f1os y ni\u00f1as, con la celebraci\u00f3n de La Ramilla, una cita que volvi\u00f3 a reunir tradici\u00f3n, m\u00fasica, diversi\u00f3n y convivencia familiar. La tarde comenz\u00f3 a las 18:30 horas, en el frontis [&hellip;]<\/p>\n","protected":false},"author":50,"featured_media":5702,"comment_status":"open","ping_status":"open","sticky":false,"template":"","format":"standard","meta":{"wpai_generated_summary":"","wpai_meta_description":"","footnotes":""},"categories":[153],"tags":[],"class_list":["post-5700","post","type-post","status-publish","format-standard","has-post-thumbnail","hentry","category-galdar"],"_links":{"self":[{"href":"https:\/\/nublo.tv\/index.php\/wp-json\/wp\/v2\/posts\/5700","targetHints":{"allow":["GET"]}}],"collection":[{"href":"https:\/\/nublo.tv\/index.php\/wp-json\/wp\/v2\/posts"}],"about":[{"href":"https:\/\/nublo.tv\/index.php\/wp-json\/wp\/v2\/types\/post"}],"author":[{"embeddable":true,"href":"https:\/\/nublo.tv\/index.php\/wp-json\/wp\/v2\/users\/50"}],"replies":[{"embeddable":true,"href":"https:\/\/nublo.tv\/index.php\/wp-json\/wp\/v2\/comments?post=5700"}],"version-history":[{"count":1,"href":"https:\/\/nublo.tv\/index.php\/wp-json\/wp\/v2\/posts\/5700\/revisions"}],"predecessor-version":[{"id":5703,"href":"https:\/\/nublo.tv\/index.php\/wp-json\/wp\/v2\/posts\/5700\/revisions\/5703"}],"wp:featuredmedia":[{"embeddable":true,"href":"https:\/\/nublo.tv\/index.php\/wp-json\/wp\/v2\/media\/5702"}],"wp:attachment":[{"href":"https:\/\/nublo.tv\/index.php\/wp-json\/wp\/v2\/media?parent=5700"}],"wp:term":[{"taxonomy":"category","embeddable":true,"href":"https:\/\/nublo.tv\/index.php\/wp-json\/wp\/v2\/categories?post=5700"},{"taxonomy":"post_tag","embeddable":true,"href":"https:\/\/nublo.tv\/index.php\/wp-json\/wp\/v2\/tags?post=5700"}],"curies":[{"name":"wp","href":"https:\/\/api.w.org\/{rel}","templated":true}]}}