{"id":5711,"date":"2026-08-27T09:36:22","date_gmt":"2026-08-27T08:36:22","guid":{"rendered":"https:\/\/nublo.tv\/?p=5711"},"modified":"2026-08-27T09:37:03","modified_gmt":"2026-08-27T08:37:03","slug":"el-cine-de-verano-vuelve-este-miercoles-a-la-playa-de-salinetas-con-la-proyeccion-de-el-casoplon","status":"publish","type":"post","link":"https:\/\/nublo.tv\/index.php\/2026\/08\/27\/el-cine-de-verano-vuelve-este-miercoles-a-la-playa-de-salinetas-con-la-proyeccion-de-el-casoplon\/","title":{"rendered":"El cine de verano de Salinetas proyecta este mi\u00e9rcoles la comedia \u2018El Casopl\u00f3n\u2019"},"content":{"rendered":"<p><strong>La playa de Salinetas acoge este mi\u00e9rcoles 26 de agosto, a partir de las 20.30 horas, la segunda jornada de su cine de verano con la proyecci\u00f3n gratuita de la comedia familiar espa\u00f1ola \u2018El Casopl\u00f3n\u2019, organizada por el Ayuntamiento de Telde dentro de la programaci\u00f3n \u2018S\u00fabete a la Ola de la Vida 2026\u2019.<\/strong><\/p>\n<p>La pantalla se encuentra instalada junto al paseo de Salinetas para que los asistentes puedan acomodarse directamente sobre la arena con sus propias toallas, hamacas o sillas adecuadas. Esta cita llega tras el \u00e9xito de la primera noche celebrada este martes con la pel\u00edcula \u2018Mufasa: El Rey Le\u00f3n\u2019, que congreg\u00f3 a numerosas familias, ni\u00f1os, j\u00f3venes y mayores en la arena.<\/p>\n<p>Para la sesi\u00f3n de hoy, la pel\u00edcula elegida es \u2018El Casopl\u00f3n\u2019, protagonizada por Pablo Chiapella y Raquel Guerrero y calificada para todos los p\u00fablicos. La trama narra la historia de una familia que, sin posibilidad de ir de vacaciones en pleno verano, vive una inesperada aventura en la gran vivienda donde trabaja temporalmente el padre.<\/p>\n<h3>Valoraci\u00f3n y pr\u00f3xima sesi\u00f3n<\/h3>\n<p>El concejal de Juventud, Cristhian Santana, ha destacado la masiva respuesta del estreno y ha se\u00f1alado que la alta participaci\u00f3n demuestra las ganas de recuperar esta actividad. Asimismo, ha recomendado acudir con antelaci\u00f3n y ha recordado la importancia de colaborar en el cuidado de la playa retirando los residuos al finalizar la proyecci\u00f3n.<\/p>\n<p>El ciclo en Salinetas concluir\u00e1 este viernes 28 de agosto a las 20.30 horas con la proyecci\u00f3n de \u2018Lilo y Stitch\u2019. Estas tres noches forman parte de una programaci\u00f3n m\u00e1s amplia que continuar\u00e1 en las pr\u00f3ximas semanas en distintos barrios y playas de Telde con m\u00fasica, actividades infantiles, espect\u00e1culos familiares y propuestas de ocio.<\/p>\n","protected":false},"excerpt":{"rendered":"<p>https:\/\/www.telde.es\/wp-content\/uploads\/2026\/08\/noticia677.jpgTelde, 26 de agosto de 2026.- El Cine de Verano vuelve este mi\u00e9rcoles a la playa de Salinetas despu\u00e9s de la multitudinaria respuesta registrada en su primera noche. A partir&hellip;<\/p>\n","protected":false},"author":1,"featured_media":5762,"comment_status":"open","ping_status":"open","sticky":false,"template":"","format":"standard","meta":{"wpai_generated_summary":"","wpai_meta_description":"","footnotes":""},"categories":[140],"tags":[],"class_list":["post-5711","post","type-post","status-publish","format-standard","has-post-thumbnail","hentry","category-ayuntamiento-de-telde"],"_links":{"self":[{"href":"https:\/\/nublo.tv\/index.php\/wp-json\/wp\/v2\/posts\/5711","targetHints":{"allow":["GET"]}}],"collection":[{"href":"https:\/\/nublo.tv\/index.php\/wp-json\/wp\/v2\/posts"}],"about":[{"href":"https:\/\/nublo.tv\/index.php\/wp-json\/wp\/v2\/types\/post"}],"author":[{"embeddable":true,"href":"https:\/\/nublo.tv\/index.php\/wp-json\/wp\/v2\/users\/1"}],"replies":[{"embeddable":true,"href":"https:\/\/nublo.tv\/index.php\/wp-json\/wp\/v2\/comments?post=5711"}],"version-history":[{"count":3,"href":"https:\/\/nublo.tv\/index.php\/wp-json\/wp\/v2\/posts\/5711\/revisions"}],"predecessor-version":[{"id":5761,"href":"https:\/\/nublo.tv\/index.php\/wp-json\/wp\/v2\/posts\/5711\/revisions\/5761"}],"wp:featuredmedia":[{"embeddable":true,"href":"https:\/\/nublo.tv\/index.php\/wp-json\/wp\/v2\/media\/5762"}],"wp:attachment":[{"href":"https:\/\/nublo.tv\/index.php\/wp-json\/wp\/v2\/media?parent=5711"}],"wp:term":[{"taxonomy":"category","embeddable":true,"href":"https:\/\/nublo.tv\/index.php\/wp-json\/wp\/v2\/categories?post=5711"},{"taxonomy":"post_tag","embeddable":true,"href":"https:\/\/nublo.tv\/index.php\/wp-json\/wp\/v2\/tags?post=5711"}],"curies":[{"name":"wp","href":"https:\/\/api.w.org\/{rel}","templated":true}]}}