{"id":5715,"date":"2026-08-27T09:36:03","date_gmt":"2026-08-27T08:36:03","guid":{"rendered":"https:\/\/nublo.tv\/?p=5715"},"modified":"2026-08-27T09:36:03","modified_gmt":"2026-08-27T08:36:03","slug":"guaguas-municipales-refuerza-la-conexion-con-el-sebadal-y-la-zona-portuaria-con-la-nueva-linea-19","status":"publish","type":"post","link":"https:\/\/nublo.tv\/index.php\/2026\/08\/27\/guaguas-municipales-refuerza-la-conexion-con-el-sebadal-y-la-zona-portuaria-con-la-nueva-linea-19\/","title":{"rendered":"Guaguas Municipales refuerza la conexi\u00f3n con El Sebadal y la Zona Portuaria con la nueva L\u00ednea 19"},"content":{"rendered":"<p><strong>Guaguas Municipales pondr\u00e1 en marcha el pr\u00f3ximo lunes 31 de agosto una nueva configuraci\u00f3n de la L\u00ednea 19, fruto de la unificaci\u00f3n de las actuales l\u00edneas 18 y 19, para conectar la terminal del Puerto, en Manuel Becerra, con El Sebadal y la Zona Portuaria.<\/strong><\/p>\n<p>La modificaci\u00f3n responde a la necesidad de adaptar el transporte p\u00fablico a la movilidad de uno de los principales polos de actividad econ\u00f3mica de la ciudad. El Sebadal y el entorno portuario concentran diariamente desplazamientos de trabajadores, clientes y profesionales.<\/p>\n<p>\u201cEsta modificaci\u00f3n tiene un objetivo muy claro: que moverse en guagua hacia El Sebadal y la Zona Portuaria sea m\u00e1s f\u00e1cil, m\u00e1s directo y m\u00e1s \u00fatil para quienes lo hacen cada d\u00eda\u201d, ha explicado el concejal de Transporte Colectivo de Viajeros, Pedro Quevedo, quien precis\u00f3 que se est\u00e1n concentrando recursos y mejorando la oferta all\u00ed donde existe una demanda de movilidad creciente.<\/p>\n<p>La nueva L\u00ednea 19 permitir\u00e1 incrementar el n\u00famero de viajes y simplificar\u00e1 la experiencia de viaje. En El Sebadal, la frecuencia de paso alcanzar\u00e1 los 30 minutos en hora punta, el recorrido interior se har\u00e1 m\u00e1s sencillo y la l\u00ednea adoptar\u00e1 un funcionamiento circular, con origen y destino en la terminal del Puerto, en Manuel Becerra. El servicio comenzar\u00e1 a las 06:25 horas y contar\u00e1 con una \u00faltima salida desde la terminal de Manuel Becerra a las 20:15 horas.<\/p>\n<p>La nueva configuraci\u00f3n tambi\u00e9n ampliar\u00e1 las posibilidades de desplazamiento hacia la Zona Portuaria, con servicio desde las 06:50 hasta las 19:45 horas, tomando como referencia las salidas desde Manuel Becerra.<\/p>\n<h3>Coordinaci\u00f3n institucional y supresi\u00f3n de la L\u00ednea 18<\/h3>\n<p>Para el desarrollo de este nuevo servicio, Guaguas Municipales ha mantenido contactos con la Autoridad Portuaria de Las Palmas, la Direcci\u00f3n General de Transportes y Movilidad del Gobierno de Canarias y colectivos del parque empresarial de El Sebadal y el \u00e1rea portuaria.<\/p>\n<p>La presidenta de la Autoridad Portuaria de Las Palmas, Beatriz Calzada, ha destacado la coordinaci\u00f3n entre administraciones para facilitar el acceso en transporte sostenible. Por su parte, la directora general de Transportes y Movilidad del Gobierno de Canarias, Mar\u00eda Fern\u00e1ndez, ha subrayado que a trav\u00e9s del Mobility Lab se siguen estableciendo sinergias para facilitar la movilidad de los trabajadores portuarios.<\/p>\n<p>Con la entrada en funcionamiento de esta nueva configuraci\u00f3n, la L\u00ednea 18 dejar\u00e1 de prestar servicio, por lo que las personas usuarias habituales deber\u00e1n consultar el nuevo recorrido de la L\u00ednea 19 para planificar sus desplazamientos.<\/p>\n<p>Guaguas Municipales desplegar\u00e1 informaci\u00f3n espec\u00edfica en paradas, marquesinas y puntos de conexi\u00f3n, adem\u00e1s de en sus canales digitales y web corporativa guaguas.com. La compa\u00f1\u00eda recomienda consultar previamente el nuevo recorrido y horarios.<\/p>\n<p>La jornada del lunes 31 de agosto incorporar\u00e1 tambi\u00e9n otros ajustes en la red, ya que las l\u00edneas del Campus Universitario de Tafira (25, 26 y 48) recuperar\u00e1n los horarios de invierno.<\/p>\n","protected":false},"excerpt":{"rendered":"<p>La nueva configuraci\u00f3n, que entrar\u00e1 en servicio el lunes 31 de agosto, unifica las actuales l\u00edneas 18 y 19, al tiempo que adopta un funcionamiento circular, con origen y destino&hellip;<\/p>\n","protected":false},"author":1,"featured_media":5742,"comment_status":"open","ping_status":"open","sticky":false,"template":"","format":"standard","meta":{"wpai_generated_summary":"","wpai_meta_description":"","footnotes":""},"categories":[132],"tags":[],"class_list":["post-5715","post","type-post","status-publish","format-standard","has-post-thumbnail","hentry","category-ayuntamiento-de-las-palmas-de-gran-canaria"],"_links":{"self":[{"href":"https:\/\/nublo.tv\/index.php\/wp-json\/wp\/v2\/posts\/5715","targetHints":{"allow":["GET"]}}],"collection":[{"href":"https:\/\/nublo.tv\/index.php\/wp-json\/wp\/v2\/posts"}],"about":[{"href":"https:\/\/nublo.tv\/index.php\/wp-json\/wp\/v2\/types\/post"}],"author":[{"embeddable":true,"href":"https:\/\/nublo.tv\/index.php\/wp-json\/wp\/v2\/users\/1"}],"replies":[{"embeddable":true,"href":"https:\/\/nublo.tv\/index.php\/wp-json\/wp\/v2\/comments?post=5715"}],"version-history":[{"count":2,"href":"https:\/\/nublo.tv\/index.php\/wp-json\/wp\/v2\/posts\/5715\/revisions"}],"predecessor-version":[{"id":5755,"href":"https:\/\/nublo.tv\/index.php\/wp-json\/wp\/v2\/posts\/5715\/revisions\/5755"}],"wp:featuredmedia":[{"embeddable":true,"href":"https:\/\/nublo.tv\/index.php\/wp-json\/wp\/v2\/media\/5742"}],"wp:attachment":[{"href":"https:\/\/nublo.tv\/index.php\/wp-json\/wp\/v2\/media?parent=5715"}],"wp:term":[{"taxonomy":"category","embeddable":true,"href":"https:\/\/nublo.tv\/index.php\/wp-json\/wp\/v2\/categories?post=5715"},{"taxonomy":"post_tag","embeddable":true,"href":"https:\/\/nublo.tv\/index.php\/wp-json\/wp\/v2\/tags?post=5715"}],"curies":[{"name":"wp","href":"https:\/\/api.w.org\/{rel}","templated":true}]}}