{"id":5719,"date":"2026-08-27T09:36:18","date_gmt":"2026-08-27T08:36:18","guid":{"rendered":"https:\/\/nublo.tv\/?p=5719"},"modified":"2026-08-27T09:36:18","modified_gmt":"2026-08-27T08:36:18","slug":"seguridad-delimitara-desde-el-viernes-la-zona-proxima-al-muelle-de-melenara-por-la-preparacion-de-los-voladores","status":"publish","type":"post","link":"https:\/\/nublo.tv\/index.php\/2026\/08\/27\/seguridad-delimitara-desde-el-viernes-la-zona-proxima-al-muelle-de-melenara-por-la-preparacion-de-los-voladores\/","title":{"rendered":"Seguridad delimitar\u00e1 desde el viernes la zona pr\u00f3xima al muelle de Melenara por la preparaci\u00f3n de los voladores"},"content":{"rendered":"<p><strong>El Ayuntamiento de Telde ha anunciado las medidas de seguridad que se aplicar\u00e1n en la playa de Melenara con motivo de los preparativos y la celebraci\u00f3n de la tradicional noche de los fuegos, prevista para este s\u00e1bado 29 de agosto, tras una Mesa de Seguridad celebrada este martes 25 de agosto.<\/strong><\/p>\n<p>A petici\u00f3n de los cuerpos de seguridad, desde este viernes 28 de agosto, a partir de las 18.00 horas, quedar\u00e1 vallada y restringida la zona m\u00e1s pr\u00f3xima al muelle y al entorno de Neptuno. Esta medida coincide con las operaciones necesarias para la descarga, traslado y preparaci\u00f3n del material pirot\u00e9cnico que se utilizar\u00e1 en el espect\u00e1culo del s\u00e1bado y tiene la finalidad de garantizar las condiciones de seguridad durante los trabajos previos, evitando el acceso de personas ajenas al operativo a la zona destinada a la instalaci\u00f3n de los explosivos.<\/p>\n<h3>Restricciones en el ba\u00f1o y acceso de embarcaciones<\/h3>\n<p>Asimismo, durante el s\u00e1bado 29 y el domingo 30 de agosto permanecer\u00e1 inoperativo el canal habilitado para el nado y el acceso de embarcaciones en esta zona de Melenara. La medida responde a criterios preventivos y de seguridad vinculados al montaje, celebraci\u00f3n y posterior retirada del dispositivo pirot\u00e9cnico.<\/p>\n<p>El concejal de Seguridad del Ayuntamiento de Telde, Miguel Rodr\u00edguez, ha solicitado la colaboraci\u00f3n de vecinos, ba\u00f1istas y usuarios de la costa, recordando la importancia de \u201crespetar en todo momento el vallado, la se\u00f1alizaci\u00f3n y las indicaciones de Polic\u00eda Local, Protecci\u00f3n Civil y del resto de efectivos desplegados\u201d.<\/p>\n<p>Rodr\u00edguez ha explicado que se trata de \u201cuna actuaci\u00f3n preventiva que forma parte del amplio dispositivo que se prepara para que una noche que re\u00fane a miles de personas pueda desarrollarse con todas las garant\u00edas\u201d, a\u00f1adiendo una petici\u00f3n de \u201ccomprensi\u00f3n por las limitaciones temporales que se van a producir en esta parte de la playa\u201d para priorizar la seguridad.<\/p>\n<p>Desde el consistorio se recuerda que las restricciones afectan \u00fanicamente a los espacios se\u00f1alizados y durante el periodo establecido, e invitan a la ciudadan\u00eda a seguir las indicaciones de los servicios de seguridad y emergencia y a no acceder en ning\u00fan momento a las zonas valladas, mientras el dispositivo especial contin\u00faa coordin\u00e1ndose ante la elevada afluencia de p\u00fablico prevista para la noche del s\u00e1bado en Melenara.<\/p>\n","protected":false},"excerpt":{"rendered":"<p>https:\/\/www.telde.es\/wp-content\/uploads\/2026\/08\/noticia692.jpgTelde, 26 de agosto de 2026.- El Ayuntamiento de Telde informa de las medidas de seguridad que se pondr\u00e1n en marcha en la playa de Melenara con motivo de los&hellip;<\/p>\n","protected":false},"author":1,"featured_media":5750,"comment_status":"open","ping_status":"open","sticky":false,"template":"","format":"standard","meta":{"wpai_generated_summary":"","wpai_meta_description":"","footnotes":""},"categories":[140],"tags":[],"class_list":["post-5719","post","type-post","status-publish","format-standard","has-post-thumbnail","hentry","category-ayuntamiento-de-telde"],"_links":{"self":[{"href":"https:\/\/nublo.tv\/index.php\/wp-json\/wp\/v2\/posts\/5719","targetHints":{"allow":["GET"]}}],"collection":[{"href":"https:\/\/nublo.tv\/index.php\/wp-json\/wp\/v2\/posts"}],"about":[{"href":"https:\/\/nublo.tv\/index.php\/wp-json\/wp\/v2\/types\/post"}],"author":[{"embeddable":true,"href":"https:\/\/nublo.tv\/index.php\/wp-json\/wp\/v2\/users\/1"}],"replies":[{"embeddable":true,"href":"https:\/\/nublo.tv\/index.php\/wp-json\/wp\/v2\/comments?post=5719"}],"version-history":[{"count":2,"href":"https:\/\/nublo.tv\/index.php\/wp-json\/wp\/v2\/posts\/5719\/revisions"}],"predecessor-version":[{"id":5759,"href":"https:\/\/nublo.tv\/index.php\/wp-json\/wp\/v2\/posts\/5719\/revisions\/5759"}],"wp:featuredmedia":[{"embeddable":true,"href":"https:\/\/nublo.tv\/index.php\/wp-json\/wp\/v2\/media\/5750"}],"wp:attachment":[{"href":"https:\/\/nublo.tv\/index.php\/wp-json\/wp\/v2\/media?parent=5719"}],"wp:term":[{"taxonomy":"category","embeddable":true,"href":"https:\/\/nublo.tv\/index.php\/wp-json\/wp\/v2\/categories?post=5719"},{"taxonomy":"post_tag","embeddable":true,"href":"https:\/\/nublo.tv\/index.php\/wp-json\/wp\/v2\/tags?post=5719"}],"curies":[{"name":"wp","href":"https:\/\/api.w.org\/{rel}","templated":true}]}}